{"id":12649,"date":"2017-12-07T12:53:31","date_gmt":"2017-12-07T11:53:31","guid":{"rendered":"http:\/\/www.messinaoggi.it\/website\/?p=12649"},"modified":"2017-12-07T12:53:31","modified_gmt":"2017-12-07T11:53:31","slug":"natale-a-messina-presentato-il-calendario-degli-eventi-domani-si-parte","status":"publish","type":"post","link":"https:\/\/www.messinaoggi.it\/website\/2017\/12\/07\/natale-a-messina-presentato-il-calendario-degli-eventi-domani-si-parte\/","title":{"rendered":"Natale a Messina, presentato il calendario degli eventi: Domani si parte"},"content":{"rendered":"<p style=\"text-align: justify;\">Spazi ridonati alla collettivit\u00e0, musica, teatro all&#8217;aperto, isole pedonali come quelle di via dei Mille e piazza Castronovo e coinvolgimento dei quartieri. Il Natale 2018 a Messina si presenta come il solito mix d&#8217;innovazione e rispetto delle tradizioni, frutto della positiva e costruttiva collaborazione tra l&#8217;amministrazione comunale e le associazioni di categoria.<div id=\"div-gpt-ad-Messinaoggi.it-DSK-300x250-corpoart\" style=\"text-align:center;margin:0 auto;\"><\/div><\/p>\n<p style=\"text-align: justify;\">Tutte le manifestazioni che si svilupperanno da domani fino al 6 gennaio, sono state presentate questa matti a Palazzo Zanca dall&#8217;assessore alla Cultura, Federico Alagna, da quello allo Sviluppo Economico, Guido Signorino, dal presidente di Confcommercio, Carmelo Picciotto e da quello di Confesercenti, Alberto Palella.<div id=\"videoincontent\" style=\"clear:both\";><\/div><\/p>\n<p style=\"text-align: justify;\">Il Natale sar\u00e0 ovunque, periferie comprese, questa la scelta politica ben precisa portata avanti dall&#8217;amministrazione comunale, che ha deciso di investire somme ed organizzare eventi anche nelle zone solitamente meno attenzionate.<\/p>\n<p style=\"text-align: justify;\">Un fattore, che insieme ad un palinsento vario ma omogeneo, soddisfano l&#8217;assessore Alagna: <em>&#8220;Quello che mi piace sottolineare \u00e8 che non sono eventi scollegati tra di loro &#8211; ha commentato &#8211; porteremo musica nei quartieri, ci saranno artisti di strada che porteranno l&#8217;atmosfera del Natale ovunque. Rispetto al mio predecessore mi sento un privilegiato, adesso ci sono maggiori somme a disposizione per gli eventi natalizi, ma insieme all&#8217;assessorato collettivo non abbiamo deciso di destinarle per il grande evento, ma per portare eventi l\u00ec dove prima non c&#8217;\u00e8 mai stato nulla. Ad esempio abbiamo investito 500 euro, somma apparentemente irrisoria, a Massa San Giorgio, dove per\u00f2 non \u00e8 mai stato fatto nulla&#8221;.<\/em><\/p>\n<p>Sul Capodanno, invece, Alagna aggiunge: <em>&#8220;Ci sar\u00e0 il classico concerto a piazza Duomo, ma tutta l&#8217;organizzazione riguarder\u00e0 un progetto a parte&#8221;.<\/em><\/p>\n<p style=\"text-align: justify;\">Fondamentale la sinergia con le associazioni del commercianti, in primis <code>Confesercenti e Confcommercio. Quest'ultima ha gi\u00e0 delineato il clou del proprio programma degli eventi: <em>\"Si partir\u00e0 domenica alle 18 con la classica festa dell'accensione dell'albero a piazza Cairoli - ha dichiarato Picciotto - mentre da giorno 15 ci sar\u00e0 il villaggio di Babbo Natale. Ormai da quattro anni organiziamo degli eventi in citt\u00e0, il Natale \u00e8 un momento fondamentale per tutti, abbiamo sempre dato il nostro supporto all'amministrazione mantenendo sempre un atteggiamento costruttivo.Vogliamo far vedere che la citt\u00e0 \u00e8 viva, ha un cuore che <\/em><\/code><em>batte e questo cuore lo dobbiamo mantenere in buona salute e lo dobbiamo alimentare. La ruota panoramica? Abbiamo un altro incontro con la commissione di vigilanza in Prefettura, ma sono ottimista&#8221;.<\/em><\/p>\n<p>Picciotto riserva poi un invito a messinesi: <em>&#8220;Mi piacerebbe che in molti restassero in citt\u00e0 e spendessero i loro soldi nelle attivit\u00e0 commerciali messinesi. Mi rendo conto che l&#8217;idea di prendere la macchina per passare una giornata fuori citt\u00e0 con la propria famiglia ha il suo fascino, ma questo \u00e8 un momento importante per il commercio cittadino che va aiutatoe difeso&#8221;.<\/em><\/p>\n","protected":false},"excerpt":{"rendered":"<p>Spazi ridonati alla collettivit\u00e0, musica, teatro all&#8217;aperto, isole pedonali come quelle di via dei Mille e piazza Castronovo e coinvolgimento dei quartieri. Il Natale 2018 a Messina si presenta come il solito mix d&#8217;innovazione e rispetto delle tradizioni, frutto della positiva e costruttiva collaborazione tra l&#8217;amministrazione comunale e le associazioni di categoria. Tutte le manifestazioni [&hellip;]<\/p>\n","protected":false},"author":1,"featured_media":12644,"comment_status":"closed","ping_status":"open","sticky":false,"template":"","format":"standard","meta":{"ub_ctt_via":"","_mi_skip_tracking":false},"categories":[6],"tags":[],"featured_image_src":"https:\/\/www.messinaoggi.it\/website\/wp-content\/uploads\/2017\/12\/conf-stampa-attivita-natalizie-2017-RRP_6311.jpg","author_info":{"display_name":"admin@admin.com","author_link":"https:\/\/www.messinaoggi.it\/website\/author\/adminadmin-com\/"},"digistream_id":0,"digistream":false,"_links":{"self":[{"href":"https:\/\/www.messinaoggi.it\/website\/wp-json\/wp\/v2\/posts\/12649"}],"collection":[{"href":"https:\/\/www.messinaoggi.it\/website\/wp-json\/wp\/v2\/posts"}],"about":[{"href":"https:\/\/www.messinaoggi.it\/website\/wp-json\/wp\/v2\/types\/post"}],"author":[{"embeddable":true,"href":"https:\/\/www.messinaoggi.it\/website\/wp-json\/wp\/v2\/users\/1"}],"replies":[{"embeddable":true,"href":"https:\/\/www.messinaoggi.it\/website\/wp-json\/wp\/v2\/comments?post=12649"}],"version-history":[{"count":0,"href":"https:\/\/www.messinaoggi.it\/website\/wp-json\/wp\/v2\/posts\/12649\/revisions"}],"wp:featuredmedia":[{"embeddable":true,"href":"https:\/\/www.messinaoggi.it\/website\/wp-json\/wp\/v2\/media\/12644"}],"wp:attachment":[{"href":"https:\/\/www.messinaoggi.it\/website\/wp-json\/wp\/v2\/media?parent=12649"}],"wp:term":[{"taxonomy":"category","embeddable":true,"href":"https:\/\/www.messinaoggi.it\/website\/wp-json\/wp\/v2\/categories?post=12649"},{"taxonomy":"post_tag","embeddable":true,"href":"https:\/\/www.messinaoggi.it\/website\/wp-json\/wp\/v2\/tags?post=12649"}],"curies":[{"name":"wp","href":"https:\/\/api.w.org\/{rel}","templated":true}]}}