{"id":126428,"date":"2022-10-20T00:07:58","date_gmt":"2022-10-19T22:07:58","guid":{"rendered":"https:\/\/www.messinaoggi.it\/website\/2022\/10\/19\/meloni-chi-non-condivide-latlantismo-non-puo-far-parte-del-governo\/"},"modified":"2022-10-20T10:24:26","modified_gmt":"2022-10-20T08:24:26","slug":"meloni-chi-non-condivide-latlantismo-non-puo-far-parte-del-governo","status":"publish","type":"post","link":"https:\/\/www.messinaoggi.it\/website\/2022\/10\/20\/meloni-chi-non-condivide-latlantismo-non-puo-far-parte-del-governo\/","title":{"rendered":"Meloni \u201cChi non condivide l\u2019atlantismo non pu\u00f2 far parte del Governo\u201d"},"content":{"rendered":"<div>ROMA (ITALPRESS) &#8211; &#8220;Su una cosa sono stata, sono, e sar\u00f2 sempre chiara. Intendo guidare un governo con una linea di politica estera chiara e inequivocabile. L&#8217;Italia \u00e8 a pieno titolo, e a testa alta, parte dell&#8217;Europa e dell&#8217;Alleanza atlantica. Chi non fosse d&#8217;accordo con questo caposaldo non potr\u00e0 far parte del governo, a costo di non fare il governo. L&#8217;Italia con noi al governo non sar\u00e0 mai l&#8217;anello debole dell&#8217;occidente, la nazione inaffidabile tanto cara a molti nostri detrattori. Rilancer\u00e0 la sua credibilit\u00e0 e difender\u00e0 cos\u00ec i suoi interessi&#8221;. Cos\u00ec in una nota il presidente di Fratelli d&#8217;Italia Giorgia Meloni.<br \/>&#8220;Su questo chieder\u00f2 chiarezza a tutti i ministri di un eventuale governo &#8211; aggiunge -. La prima regola di un governo politico che ha un forte mandato dagli italiani \u00e8 rispettare il programma che i cittadini hanno votato&#8221;.<div id=\"div-gpt-ad-Messinaoggi.it-DSK-300x250-corpoart\" style=\"text-align:center;margin:0 auto;\"><\/div><\/p>\n<p>&#8211; foto Agenziafotogramma.it &#8211;<div id=\"videoincontent\" style=\"clear:both\";><\/div><\/p>\n<p>(ITALPRESS).<\/p><\/div>\n","protected":false},"excerpt":{"rendered":"<p>ROMA (ITALPRESS) &#8211; &#8220;Su una cosa sono stata, sono, e sar\u00f2 sempre chiara. Intendo guidare un governo con una linea di politica estera chiara e inequivocabile. L&#8217;Italia \u00e8 a pieno titolo, e a testa alta, parte dell&#8217;Europa e dell&#8217;Alleanza atlantica. Chi non fosse d&#8217;accordo con questo caposaldo non potr\u00e0 far parte del governo, a costo [&hellip;]<\/p>\n","protected":false},"author":18,"featured_media":126429,"comment_status":"closed","ping_status":"closed","sticky":false,"template":"","format":"standard","meta":{"ub_ctt_via":"","_mi_skip_tracking":false},"categories":[446,4],"tags":[783],"featured_image_src":"https:\/\/www.messinaoggi.it\/website\/wp-content\/uploads\/2022\/10\/20221019_2437.jpg","author_info":{"display_name":"Admin","author_link":"https:\/\/www.messinaoggi.it\/website\/author\/admin\/"},"digistream_id":0,"digistream":false,"_links":{"self":[{"href":"https:\/\/www.messinaoggi.it\/website\/wp-json\/wp\/v2\/posts\/126428"}],"collection":[{"href":"https:\/\/www.messinaoggi.it\/website\/wp-json\/wp\/v2\/posts"}],"about":[{"href":"https:\/\/www.messinaoggi.it\/website\/wp-json\/wp\/v2\/types\/post"}],"author":[{"embeddable":true,"href":"https:\/\/www.messinaoggi.it\/website\/wp-json\/wp\/v2\/users\/18"}],"replies":[{"embeddable":true,"href":"https:\/\/www.messinaoggi.it\/website\/wp-json\/wp\/v2\/comments?post=126428"}],"version-history":[{"count":1,"href":"https:\/\/www.messinaoggi.it\/website\/wp-json\/wp\/v2\/posts\/126428\/revisions"}],"predecessor-version":[{"id":126462,"href":"https:\/\/www.messinaoggi.it\/website\/wp-json\/wp\/v2\/posts\/126428\/revisions\/126462"}],"wp:featuredmedia":[{"embeddable":true,"href":"https:\/\/www.messinaoggi.it\/website\/wp-json\/wp\/v2\/media\/126429"}],"wp:attachment":[{"href":"https:\/\/www.messinaoggi.it\/website\/wp-json\/wp\/v2\/media?parent=126428"}],"wp:term":[{"taxonomy":"category","embeddable":true,"href":"https:\/\/www.messinaoggi.it\/website\/wp-json\/wp\/v2\/categories?post=126428"},{"taxonomy":"post_tag","embeddable":true,"href":"https:\/\/www.messinaoggi.it\/website\/wp-json\/wp\/v2\/tags?post=126428"}],"curies":[{"name":"wp","href":"https:\/\/api.w.org\/{rel}","templated":true}]}}