{"id":126397,"date":"2022-10-19T18:07:54","date_gmt":"2022-10-19T16:07:54","guid":{"rendered":"https:\/\/www.messinaoggi.it\/website\/2022\/10\/19\/dal-parlamento-europeo-il-premio-sacharov-al-popolo-ucraino\/"},"modified":"2022-10-19T18:07:54","modified_gmt":"2022-10-19T16:07:54","slug":"dal-parlamento-europeo-il-premio-sacharov-al-popolo-ucraino","status":"publish","type":"post","link":"https:\/\/www.messinaoggi.it\/website\/2022\/10\/19\/dal-parlamento-europeo-il-premio-sacharov-al-popolo-ucraino\/","title":{"rendered":"Dal Parlamento Europeo il premio Sacharov al popolo ucraino"},"content":{"rendered":"<div>STRASBURGO (ITALPRESS) &#8211; Il popolo ucraino, rappresentato dal suo presidente Volodymyr Zelensky, dai leader eletti e dalla sua societ\u00e0 civile \u00e8 il vincitore del Premio Sacharov 2022, il massimo riconoscimento assegnato dall&#8217;Eurocamera per la libert\u00e0 di pensiero. La Presidente del Parlamento europeo Roberta Metsola ha annunciato il vincitore dell&#8217;edizione 2022 del Premio in plenaria a Strasburgo, in seguito alla decisione della Conferenza dei Presidenti del Parlamento.<br \/>&#8220;Questo premio &#8211; ha detto Metsola &#8211; \u00e8 per gli ucraini che combattono sul campo. Per quelli che sono stati costretti a fuggire. Per quelli che hanno perso parenti e amici. Per tutti quelli che si alzano e combattono per ci\u00f2 in cui credono. So che il coraggioso popolo ucraino non si arrender\u00e0, e non lo faremo nemmeno noi&#8221;.<br \/>La guerra di aggressione ingiustificata della Russia contro l&#8217;Ucraina sta infliggendo costi enormi al popolo ucraino, che non sta combattendo solo per proteggere le proprie case, la sovranit\u00e0, l&#8217;indipendenza e l&#8217;integrit\u00e0 territoriale, ma anche per difendere la libert\u00e0, la democrazia, lo Stato di diritto e i valori europei &#8220;contro un regime brutale che cerca di minare la nostra democrazia, indebolire e dividere la nostra Unione&#8221;.<br \/>Con la nomina al Premio, vengono evidenziati gli sforzi del Presidente ucraino Volodymyr Zelenskyy, insieme al ruolo di singoli individui, di rappresentanti della societ\u00e0 civile e di istituzioni statali e pubbliche, tra cui i servizi di emergenza dello Stato ucraino, Yulia Pajevska, fondatrice dell&#8217;unit\u00e0 medica di evacuazione Angeli di Taira, Oleksandra Matviychuk, avvocatessa per i diritti umani e Presidente dell&#8217;organizzazione Centro per le libert\u00e0 civili, il Movimento di resistenza civile Nastro giallo e Ivan Fedorov, sindaco della citt\u00e0 ucraina di Melitopol, attualmente sotto occupazione russa.<br \/>La consegna del Premio Sacharov avverr\u00e0 il 14 dicembre a Strasburgo.<br \/>-foto agenziafotogramma.it-<br \/>(ITALPRESS).<\/div>\n<div id=\"div-gpt-ad-Messinaoggi.it-DSK-300x250-corpoart\" style=\"text-align:center;margin:0 auto;\"><\/div><\/p><div id=\"videoincontent\" style=\"clear:both\";><\/div>","protected":false},"excerpt":{"rendered":"<p>STRASBURGO (ITALPRESS) &#8211; Il popolo ucraino, rappresentato dal suo presidente Volodymyr Zelensky, dai leader eletti e dalla sua societ\u00e0 civile \u00e8 il vincitore del Premio Sacharov 2022, il massimo riconoscimento assegnato dall&#8217;Eurocamera per la libert\u00e0 di pensiero. La Presidente del Parlamento europeo Roberta Metsola ha annunciato il vincitore dell&#8217;edizione 2022 del Premio in plenaria a [&hellip;]<\/p>\n","protected":false},"author":18,"featured_media":126398,"comment_status":"closed","ping_status":"closed","sticky":false,"template":"","format":"standard","meta":{"ub_ctt_via":"","_mi_skip_tracking":false},"categories":[446],"tags":[783],"featured_image_src":"https:\/\/www.messinaoggi.it\/website\/wp-content\/uploads\/2022\/10\/20221019_1975.jpg","author_info":{"display_name":"Admin","author_link":"https:\/\/www.messinaoggi.it\/website\/author\/admin\/"},"digistream_id":0,"digistream":false,"_links":{"self":[{"href":"https:\/\/www.messinaoggi.it\/website\/wp-json\/wp\/v2\/posts\/126397"}],"collection":[{"href":"https:\/\/www.messinaoggi.it\/website\/wp-json\/wp\/v2\/posts"}],"about":[{"href":"https:\/\/www.messinaoggi.it\/website\/wp-json\/wp\/v2\/types\/post"}],"author":[{"embeddable":true,"href":"https:\/\/www.messinaoggi.it\/website\/wp-json\/wp\/v2\/users\/18"}],"replies":[{"embeddable":true,"href":"https:\/\/www.messinaoggi.it\/website\/wp-json\/wp\/v2\/comments?post=126397"}],"version-history":[{"count":0,"href":"https:\/\/www.messinaoggi.it\/website\/wp-json\/wp\/v2\/posts\/126397\/revisions"}],"wp:featuredmedia":[{"embeddable":true,"href":"https:\/\/www.messinaoggi.it\/website\/wp-json\/wp\/v2\/media\/126398"}],"wp:attachment":[{"href":"https:\/\/www.messinaoggi.it\/website\/wp-json\/wp\/v2\/media?parent=126397"}],"wp:term":[{"taxonomy":"category","embeddable":true,"href":"https:\/\/www.messinaoggi.it\/website\/wp-json\/wp\/v2\/categories?post=126397"},{"taxonomy":"post_tag","embeddable":true,"href":"https:\/\/www.messinaoggi.it\/website\/wp-json\/wp\/v2\/tags?post=126397"}],"curies":[{"name":"wp","href":"https:\/\/api.w.org\/{rel}","templated":true}]}}