{"id":12638,"date":"2017-12-07T11:56:12","date_gmt":"2017-12-07T10:56:12","guid":{"rendered":"http:\/\/www.messinaoggi.it\/website\/?p=12638"},"modified":"2017-12-07T11:56:12","modified_gmt":"2017-12-07T10:56:12","slug":"duva-vigili-del-fuoco-in-seria-difficolta-solo-promesse-dal-governo","status":"publish","type":"post","link":"https:\/\/www.messinaoggi.it\/website\/2017\/12\/07\/duva-vigili-del-fuoco-in-seria-difficolta-solo-promesse-dal-governo\/","title":{"rendered":"D&#039;Uva: &quot;Vigili del fuoco in seria difficolt\u00e0, solo promesse dal Governo&quot;"},"content":{"rendered":"<div>\u201cIl ministero continua a ribadire che il numero di Vigili del fuoco distribuiti in provincia di Messina \u00e8 equo alle necessit\u00e0 e, addirittura, in esubero. Se cos\u00ec fosse, per\u00f2, non si spiegherebbero i continui disagi e le carenze a cui il Corpo VVF deve far fronte quotidianamente in un territorio che, non smetter\u00f2 mai di ripeterlo, \u00e8 a forte rischio idrogeologico\u201d. Il portavoce del Movimento 5 Stelle Francesco D&#8217;Uva commenta cos\u00ec la risposta data dal ministero dell\u2019Interno all\u2019interrogazione presentata lo scorso agosto per sollecitare l\u2019aumento di organico di Vigili del fuoco a Messina e, al contempo, dotare il Corpo di mezzi adeguati.<\/div>\n<div><\/div>\n<div>\u201cIl problema, che assume contorni sempre pi\u00f9 gravi, riguarda il fatto che il numero di organico previsto dagli standard del Ministero non \u00e8 sufficiente a coprire le emergenze di un territorio quale Messina. Vogliamo forse dimenticare quel che \u00e8 accaduto quest\u2019estate quando numerosi e devastanti incendi, per lo pi\u00f9 dolosi, hanno letteralmente messo in ginocchio la citt\u00e0 e la provincia? E questo nonostante il lavoro immane delle squadre dei pompieri.<\/div>\n<div><\/div>\n<div>La risposta del Ministero si concentra anche sul punto dei mezzi inadeguati spiegando che sono state avviate delle linee di finanziamento per &#8216;realizzare un piano di ammodernamento dei mezzi operativi del Corpo nazionale&#8217;. Una risposta simile mi era stata data anche per l\u2019interrogazione che avevo presentato due anni fa, sulla stessa problematica. Eppure, trascorsi mesi e mesi, sembra che la situazione sia rimasta immutata. Solo promesse, solo parole ed intanto, a\u00a0Messina, si fronteggiano le emergenze su mezzi inadeguati, vetusti e pericolosi per la stessa incolumit\u00e0 del personale che li utilizza\u201d.<\/div>\n<div id=\"div-gpt-ad-Messinaoggi.it-DSK-300x250-corpoart\" style=\"text-align:center;margin:0 auto;\"><\/div><\/p><div id=\"videoincontent\" style=\"clear:both\";><\/div>","protected":false},"excerpt":{"rendered":"<p>\u201cIl ministero continua a ribadire che il numero di Vigili del fuoco distribuiti in provincia di Messina \u00e8 equo alle necessit\u00e0 e, addirittura, in esubero. Se cos\u00ec fosse, per\u00f2, non si spiegherebbero i continui disagi e le carenze a cui il Corpo VVF deve far fronte quotidianamente in un territorio che, non smetter\u00f2 mai di [&hellip;]<\/p>\n","protected":false},"author":2,"featured_media":11459,"comment_status":"closed","ping_status":"open","sticky":false,"template":"","format":"standard","meta":{"ub_ctt_via":"","_mi_skip_tracking":false},"categories":[6],"tags":[],"featured_image_src":"https:\/\/www.messinaoggi.it\/website\/wp-content\/uploads\/2017\/11\/vigili-del-fuoco.jpg","author_info":{"display_name":"Redazione","author_link":"https:\/\/www.messinaoggi.it\/website\/author\/redazione\/"},"digistream_id":0,"digistream":false,"_links":{"self":[{"href":"https:\/\/www.messinaoggi.it\/website\/wp-json\/wp\/v2\/posts\/12638"}],"collection":[{"href":"https:\/\/www.messinaoggi.it\/website\/wp-json\/wp\/v2\/posts"}],"about":[{"href":"https:\/\/www.messinaoggi.it\/website\/wp-json\/wp\/v2\/types\/post"}],"author":[{"embeddable":true,"href":"https:\/\/www.messinaoggi.it\/website\/wp-json\/wp\/v2\/users\/2"}],"replies":[{"embeddable":true,"href":"https:\/\/www.messinaoggi.it\/website\/wp-json\/wp\/v2\/comments?post=12638"}],"version-history":[{"count":0,"href":"https:\/\/www.messinaoggi.it\/website\/wp-json\/wp\/v2\/posts\/12638\/revisions"}],"wp:featuredmedia":[{"embeddable":true,"href":"https:\/\/www.messinaoggi.it\/website\/wp-json\/wp\/v2\/media\/11459"}],"wp:attachment":[{"href":"https:\/\/www.messinaoggi.it\/website\/wp-json\/wp\/v2\/media?parent=12638"}],"wp:term":[{"taxonomy":"category","embeddable":true,"href":"https:\/\/www.messinaoggi.it\/website\/wp-json\/wp\/v2\/categories?post=12638"},{"taxonomy":"post_tag","embeddable":true,"href":"https:\/\/www.messinaoggi.it\/website\/wp-json\/wp\/v2\/tags?post=12638"}],"curies":[{"name":"wp","href":"https:\/\/api.w.org\/{rel}","templated":true}]}}