{"id":126368,"date":"2022-10-20T00:47:51","date_gmt":"2022-10-19T22:47:51","guid":{"rendered":"https:\/\/www.messinaoggi.it\/website\/2022\/10\/19\/micciche-a-roma-non-ci-vado-resto-a-palermo-con-schifani\/"},"modified":"2022-10-20T10:24:40","modified_gmt":"2022-10-20T08:24:40","slug":"micciche-a-roma-non-ci-vado-resto-a-palermo-con-schifani","status":"publish","type":"post","link":"https:\/\/www.messinaoggi.it\/website\/2022\/10\/20\/micciche-a-roma-non-ci-vado-resto-a-palermo-con-schifani\/","title":{"rendered":"Miccich\u00e8 \u201cA Roma non ci vado, resto a Palermo con Schifani\u201d"},"content":{"rendered":"<div>\n<p>PALERMO (ITALPRESS) \u2013 \u201cResto a Palermo. Con Schifani fino alla morte. Non sar\u00e0 guerra come con Musumeci\u201d. Cos\u00ec in un\u2019intervista al sito online ilSicilia.it, il numero uno di Forza Italia nell\u2019isola, Gianfranco Miccich\u00e8.<br \/>\u201cA Roma \u2013 sottolinea il commissario degli azzurri \u2013 non ci vado manco morto!\u201d. Le strade, spiega Miccich\u00e8, sono due: fare niente o fare qualcosa. Fare qualcosa appunto. Ma cosa? La prima possibilit\u00e0 \u00e8 ritornare a presiedere Sala d\u2019Ercole. La seconda alternativa \u00e8 entrare a pieno titolo nel Governo di Renato Schifani, magari come assessore alla Sanit\u00e0. \u201cCon Renato Schifani fino alla morte, rispetto a lui non esistono alternative. Poi siamo dello stesso partito\u201d, puntualizza il forzista che promette eterna lealt\u00e0 e pace al neo presidente della Regione: \u201cAi miei, ho pregato di comunicare il verbo della serenit\u00e0. Avevo fatto lo stesso cinque anni fa, quando fu eletto Musumeci, perch\u00e8 se votiamo un presidente \u00e8 giusto portarlo avanti. Con Musumeci per\u00f2 \u00e8 andata diversamente. Con lui la guerra \u00e8 finita solo quando ha deciso di andarsene\u201d.<br \/>Per Miccich\u00e8 \u00e8 \u201csicuro ed \u00e8 giusto\u201d che l\u2019ex presidente della Regione Siciliana, Nello Musumeci, diventi Sottosegretario alla Presidenza del Consiglio con delega al Mezzogiorno, tuttavia, rispondendo alla domanda su un possibile ruolo da \u201ccollante\u201d fra Roma e Sicilia Miccich\u00e8 dichiara: \u201cAiutare la Sicilia? Chiedete a lui\u201d.<br \/>Per quanto riguarda la Regione, nessuna tensione e nessun malumore devono creare frizioni nel centrodestra siciliano, ed in merito al toto-assessori, \u201cci saranno delle regole da rispettare\u201d, aggiunge Miccich\u00e8.<br \/>Foto ufficio stampa Ars<br \/>(ITALPRESS).<\/p>\n<\/div>\n","protected":false},"excerpt":{"rendered":"<p>PALERMO (ITALPRESS) \u2013 \u201cResto a Palermo. Con Schifani fino alla morte. Non sar\u00e0 guerra come con Musumeci\u201d. Cos\u00ec in un\u2019intervista al sito online ilSicilia.it, il numero uno di Forza Italia nell\u2019isola, Gianfranco Miccich\u00e8.\u201cA Roma \u2013 sottolinea il commissario degli azzurri \u2013 non ci vado manco morto!\u201d. Le strade, spiega Miccich\u00e8, sono due: fare niente o [&hellip;]<\/p>\n","protected":false},"author":18,"featured_media":126369,"comment_status":"closed","ping_status":"closed","sticky":false,"template":"","format":"standard","meta":{"ub_ctt_via":"","_mi_skip_tracking":false},"categories":[11,2449],"tags":[783],"featured_image_src":"https:\/\/www.messinaoggi.it\/website\/wp-content\/uploads\/2022\/10\/20221019_1720.jpg","author_info":{"display_name":"Admin","author_link":"https:\/\/www.messinaoggi.it\/website\/author\/admin\/"},"digistream_id":0,"digistream":false,"_links":{"self":[{"href":"https:\/\/www.messinaoggi.it\/website\/wp-json\/wp\/v2\/posts\/126368"}],"collection":[{"href":"https:\/\/www.messinaoggi.it\/website\/wp-json\/wp\/v2\/posts"}],"about":[{"href":"https:\/\/www.messinaoggi.it\/website\/wp-json\/wp\/v2\/types\/post"}],"author":[{"embeddable":true,"href":"https:\/\/www.messinaoggi.it\/website\/wp-json\/wp\/v2\/users\/18"}],"replies":[{"embeddable":true,"href":"https:\/\/www.messinaoggi.it\/website\/wp-json\/wp\/v2\/comments?post=126368"}],"version-history":[{"count":1,"href":"https:\/\/www.messinaoggi.it\/website\/wp-json\/wp\/v2\/posts\/126368\/revisions"}],"predecessor-version":[{"id":126459,"href":"https:\/\/www.messinaoggi.it\/website\/wp-json\/wp\/v2\/posts\/126368\/revisions\/126459"}],"wp:featuredmedia":[{"embeddable":true,"href":"https:\/\/www.messinaoggi.it\/website\/wp-json\/wp\/v2\/media\/126369"}],"wp:attachment":[{"href":"https:\/\/www.messinaoggi.it\/website\/wp-json\/wp\/v2\/media?parent=126368"}],"wp:term":[{"taxonomy":"category","embeddable":true,"href":"https:\/\/www.messinaoggi.it\/website\/wp-json\/wp\/v2\/categories?post=126368"},{"taxonomy":"post_tag","embeddable":true,"href":"https:\/\/www.messinaoggi.it\/website\/wp-json\/wp\/v2\/tags?post=126368"}],"curies":[{"name":"wp","href":"https:\/\/api.w.org\/{rel}","templated":true}]}}