{"id":126342,"date":"2022-10-19T12:07:54","date_gmt":"2022-10-19T10:07:54","guid":{"rendered":"https:\/\/www.messinaoggi.it\/website\/2022\/10\/19\/boom-inflazione-un-italiano-su-due-si-sente-in-difficolta-economica\/"},"modified":"2022-10-19T12:07:54","modified_gmt":"2022-10-19T10:07:54","slug":"boom-inflazione-un-italiano-su-due-si-sente-in-difficolta-economica","status":"publish","type":"post","link":"https:\/\/www.messinaoggi.it\/website\/2022\/10\/19\/boom-inflazione-un-italiano-su-due-si-sente-in-difficolta-economica\/","title":{"rendered":"Boom inflazione, un italiano su due si sente in difficolt\u00e0 economica"},"content":{"rendered":"<div>ROMA (ITALPRESS) &#8211; L&#8217;aumento generale dei prezzi e l&#8217;inflazione in continua crescita stanno creando notevoli disagi a cittadini, imprese e aziende italiane. In questo contesto, quasi 1 italiano su 2 (il 48,6%) dichiara, in questo momento, di sentirsi in difficolt\u00e0 economica. Una difficolt\u00e0 che si percepisce ancora pi\u00f9 forte nelle aree del Sud del Paese. A causa di tutto questo e in prospettiva di un &#8220;autunno freddo&#8221;, la maggioranza degli italiani sta rivedendo e limitando i propri programmi di vita per il futuro. Nel corso delle ultime settimane stanno crescendo le proteste di negozianti, ristoratori e piccoli imprenditori che si ritrovano ad affrontare un notevole aumento del prezzo delle utenze di luce e gas e che stanno mettendo in seria difficolt\u00e0 le loro attivit\u00e0. Proteste che, secondo 3 italiani su 4, nascondono un reale disagio dovuto ad una situazione oggettivamente complicata. Guardando ai prossimi mesi, dunque, emerge una preoccupazione per la situazione che si sta delineando, con sensazioni contrastanti tra chi teme un impatto devastante e chi, invece, crede che nonostante tutto, il nostro sistema riuscir\u00e0 a reggere e superare quest&#8217;ennesima crisi.<div id=\"div-gpt-ad-Messinaoggi.it-DSK-300x250-corpoart\" style=\"text-align:center;margin:0 auto;\"><\/div><\/p>\n<p>Dati Euromedia Research &#8211; Realizzato il 12\/10\/2022 con metodologia mista CATI\/CAWI su un campione di 1.000 casi rappresentativi della popolazione italiana maggiorenne<div id=\"videoincontent\" style=\"clear:both\";><\/div><\/p>\n<p>&#8211; foto Euromedia Research &#8211;<br \/>(ITALPRESS).<\/div>\n","protected":false},"excerpt":{"rendered":"<p>ROMA (ITALPRESS) &#8211; L&#8217;aumento generale dei prezzi e l&#8217;inflazione in continua crescita stanno creando notevoli disagi a cittadini, imprese e aziende italiane. In questo contesto, quasi 1 italiano su 2 (il 48,6%) dichiara, in questo momento, di sentirsi in difficolt\u00e0 economica. Una difficolt\u00e0 che si percepisce ancora pi\u00f9 forte nelle aree del Sud del Paese. [&hellip;]<\/p>\n","protected":false},"author":18,"featured_media":126343,"comment_status":"closed","ping_status":"closed","sticky":false,"template":"","format":"standard","meta":{"ub_ctt_via":"","_mi_skip_tracking":false},"categories":[446],"tags":[783],"featured_image_src":"https:\/\/www.messinaoggi.it\/website\/wp-content\/uploads\/2022\/10\/20221019_0357.jpg","author_info":{"display_name":"Admin","author_link":"https:\/\/www.messinaoggi.it\/website\/author\/admin\/"},"digistream_id":0,"digistream":false,"_links":{"self":[{"href":"https:\/\/www.messinaoggi.it\/website\/wp-json\/wp\/v2\/posts\/126342"}],"collection":[{"href":"https:\/\/www.messinaoggi.it\/website\/wp-json\/wp\/v2\/posts"}],"about":[{"href":"https:\/\/www.messinaoggi.it\/website\/wp-json\/wp\/v2\/types\/post"}],"author":[{"embeddable":true,"href":"https:\/\/www.messinaoggi.it\/website\/wp-json\/wp\/v2\/users\/18"}],"replies":[{"embeddable":true,"href":"https:\/\/www.messinaoggi.it\/website\/wp-json\/wp\/v2\/comments?post=126342"}],"version-history":[{"count":0,"href":"https:\/\/www.messinaoggi.it\/website\/wp-json\/wp\/v2\/posts\/126342\/revisions"}],"wp:featuredmedia":[{"embeddable":true,"href":"https:\/\/www.messinaoggi.it\/website\/wp-json\/wp\/v2\/media\/126343"}],"wp:attachment":[{"href":"https:\/\/www.messinaoggi.it\/website\/wp-json\/wp\/v2\/media?parent=126342"}],"wp:term":[{"taxonomy":"category","embeddable":true,"href":"https:\/\/www.messinaoggi.it\/website\/wp-json\/wp\/v2\/categories?post=126342"},{"taxonomy":"post_tag","embeddable":true,"href":"https:\/\/www.messinaoggi.it\/website\/wp-json\/wp\/v2\/tags?post=126342"}],"curies":[{"name":"wp","href":"https:\/\/api.w.org\/{rel}","templated":true}]}}