{"id":126338,"date":"2022-10-19T12:07:50","date_gmt":"2022-10-19T10:07:50","guid":{"rendered":"https:\/\/www.messinaoggi.it\/website\/2022\/10\/19\/al-via-i-bicocca-job-days-occasioni-di-incontro-con-il-mondo-del-lavoro\/"},"modified":"2022-10-19T12:07:50","modified_gmt":"2022-10-19T10:07:50","slug":"al-via-i-bicocca-job-days-occasioni-di-incontro-con-il-mondo-del-lavoro","status":"publish","type":"post","link":"https:\/\/www.messinaoggi.it\/website\/2022\/10\/19\/al-via-i-bicocca-job-days-occasioni-di-incontro-con-il-mondo-del-lavoro\/","title":{"rendered":"Al via i Bicocca Job days, occasioni di incontro con il mondo del lavoro"},"content":{"rendered":"<div>MILANO (ITALPRESS) &#8211; Confrontarsi con il mondo del lavoro per approfondirne opportunit\u00e0 ed esigenze e avere un quadro completo delle professionalit\u00e0 richieste: sono in programma dal 24 al 28 ottobre i &#8220;Bicocca Job days 2022 &#8211; Insieme per il tuo lavoro&#8221;. L&#8217;iniziativa dell&#8217;Universit\u00e0 di Milano-Bicocca, con il patrocinio del ministero del Lavoro e delle Politiche sociali, mette in contatto studenti, laureati, dottori di ricerca e diplomati master con le imprese. La giornata di apertura dell&#8217;ottava edizione, il 24 ottobre, \u00e8 dedicata ai Dottorati industriali.<br \/>Alle ore 10, nell&#8217;Aula Magna dell&#8217;ateneo, la rettrice Giovanna Iannantuoni dialoga con Marco Morganti, senior advisor for Impact di Intesa San Paolo: un momento di confronto tra accademia e impresa sul tema &#8220;Ricerca e Innovazione Responsabili&#8221;.<br \/>Interviene Emad Yaghmaei, senior researcher presso l&#8217;Universit\u00e0 tecnica di Delft sul tema &#8220;Responsible Innovation (RI) Support industry: Assessing and improving social performances in research and innovation projects&#8221;. Nel pomeriggio si discute delle possibili modalit\u00e0 di collaborazione tra le imprese e i Corsi di Dottorato di Milano-Bicocca e si svolgono colloqui individuali tra dottorandi e dottori di ricerca e aziende ed enti.<br \/>E&#8217; incentrata su innovazione e imprenditorialit\u00e0 &#8220;Piano Bi&#8221;, l&#8217;iniziativa organizzata dal team di iBicocca in calendario il 25 ottobre. Al mattino previsti laboratori altamente interattivi sull&#8217;utilizzo di strumenti digitali e sulla comunicazione efficace, a seguire un workshop su self-branding con Andrea Belli di LinkedIn, e una tavola rotonda sull&#8217;imprenditorialit\u00e0 giovanile con startupper, finanziatori, incubatori e acceleratori. Nell&#8217;ambito della nona edizione della competition &#8220;Bicocca Ideas&#8221;, coloro che entro il 23 ottobre avranno inviato la propria idea imprenditoriale potranno usufruire di due ore di formazione gratuita e saranno premiate le tre migliori idee di studenti Bicocca.<br \/>Dal 26 al 28 ottobre spazio a &#8220;Bicocca Career Fair 2022&#8221;. Il programma dedicato all&#8217;incontro tra studenti e laureati con aziende ed enti alla ricerca di figure professionali qualificate sar\u00e0 introdotto &#8211; il 26 alla ore 10, nell&#8217;Aula Martini &#8211; dal convegno &#8220;La nuova normalit\u00e0 del mondo del lavoro tra opportunit\u00e0 e falsi miti &#8211; Come scegliere e farsi scegliere dalle aziende&#8221;. Si parler\u00e0 di crescita professionale, competenze, smart working e opportunit\u00e0 di lavoro. La tre giorni in ateneo \u00e8 preceduta dalle iniziative di orientamento &#8211; che hanno preso il via lo scorso 4 ottobre e andranno avanti per tutto il mese &#8211; su come rendere efficace il curriculum vitae, affrontare il processo di selezione o definire gli obiettivi professionali. Le attivit\u00e0, organizzate dal servizio Job Placement di Milano-Bicocca in collaborazione con le aziende, si tengono sulla piattaforma bicoccacareerfair.it. <br \/>Sempre attraverso la piattaforma, studenti e laureati possono effettuare una visita agli stand virtuali di oltre 80 imprese e candidarsi per partecipare ai colloqui conoscitivi con le aziende di loro interesse, che si terranno in ateneo dal 26 al 28.<div id=\"div-gpt-ad-Messinaoggi.it-DSK-300x250-corpoart\" style=\"text-align:center;margin:0 auto;\"><\/div><\/p>\n<p>&#8211; foto agenziafotogramma.it &#8211;<br \/>(ITALPRESS).<\/div>\n<div id=\"videoincontent\" style=\"clear:both\";><\/div>","protected":false},"excerpt":{"rendered":"<p>MILANO (ITALPRESS) &#8211; Confrontarsi con il mondo del lavoro per approfondirne opportunit\u00e0 ed esigenze e avere un quadro completo delle professionalit\u00e0 richieste: sono in programma dal 24 al 28 ottobre i &#8220;Bicocca Job days 2022 &#8211; Insieme per il tuo lavoro&#8221;. L&#8217;iniziativa dell&#8217;Universit\u00e0 di Milano-Bicocca, con il patrocinio del ministero del Lavoro e delle Politiche [&hellip;]<\/p>\n","protected":false},"author":18,"featured_media":126339,"comment_status":"closed","ping_status":"closed","sticky":false,"template":"","format":"standard","meta":{"ub_ctt_via":"","_mi_skip_tracking":false},"categories":[446],"tags":[783],"featured_image_src":"https:\/\/www.messinaoggi.it\/website\/wp-content\/uploads\/2022\/10\/20221019_0281.jpg","author_info":{"display_name":"Admin","author_link":"https:\/\/www.messinaoggi.it\/website\/author\/admin\/"},"digistream_id":0,"digistream":false,"_links":{"self":[{"href":"https:\/\/www.messinaoggi.it\/website\/wp-json\/wp\/v2\/posts\/126338"}],"collection":[{"href":"https:\/\/www.messinaoggi.it\/website\/wp-json\/wp\/v2\/posts"}],"about":[{"href":"https:\/\/www.messinaoggi.it\/website\/wp-json\/wp\/v2\/types\/post"}],"author":[{"embeddable":true,"href":"https:\/\/www.messinaoggi.it\/website\/wp-json\/wp\/v2\/users\/18"}],"replies":[{"embeddable":true,"href":"https:\/\/www.messinaoggi.it\/website\/wp-json\/wp\/v2\/comments?post=126338"}],"version-history":[{"count":0,"href":"https:\/\/www.messinaoggi.it\/website\/wp-json\/wp\/v2\/posts\/126338\/revisions"}],"wp:featuredmedia":[{"embeddable":true,"href":"https:\/\/www.messinaoggi.it\/website\/wp-json\/wp\/v2\/media\/126339"}],"wp:attachment":[{"href":"https:\/\/www.messinaoggi.it\/website\/wp-json\/wp\/v2\/media?parent=126338"}],"wp:term":[{"taxonomy":"category","embeddable":true,"href":"https:\/\/www.messinaoggi.it\/website\/wp-json\/wp\/v2\/categories?post=126338"},{"taxonomy":"post_tag","embeddable":true,"href":"https:\/\/www.messinaoggi.it\/website\/wp-json\/wp\/v2\/tags?post=126338"}],"curies":[{"name":"wp","href":"https:\/\/api.w.org\/{rel}","templated":true}]}}