{"id":126335,"date":"2022-10-19T11:48:04","date_gmt":"2022-10-19T09:48:04","guid":{"rendered":"http:\/\/www.messinaoggi.it\/website\/?p=126335"},"modified":"2022-10-19T11:48:05","modified_gmt":"2022-10-19T09:48:05","slug":"unime-sustainibility-day-boom-di-adesioni-circa-900-gli-studenti-partecipanti","status":"publish","type":"post","link":"https:\/\/www.messinaoggi.it\/website\/2022\/10\/19\/unime-sustainibility-day-boom-di-adesioni-circa-900-gli-studenti-partecipanti\/","title":{"rendered":"UniMe Sustainibility Day, boom di adesioni: circa 900 gli studenti partecipanti"},"content":{"rendered":"\n<p>Un boom di adesioni si \u00e8 registrato in occasione della IV edizione di UniMe Sustainibility Day. Nell\u2019ambito del Festival dello Sviluppo Sostenibile 2022 promosso da ASVIS, l\u2018Aula Magna del Rettorato, gremita di studenti universitari e delle Scuole secondarie superiori, ha ospitato questa mattina la Cerimonia inaugurale della\u00a0IV edizione di \u201cUniMe Sustainibility Day\u201d,\u00a0evento che l\u2019Universit\u00e0 di Messina, aderente alla RUS \u2013 Rete dele Universit\u00e0 per lo Sviluppo Sostenibile, organizza a cadenza annuale.<div id=\"div-gpt-ad-Messinaoggi.it-DSK-300x250-corpoart\" style=\"text-align:center;margin:0 auto;\"><\/div><\/p>\n\n\n\n<p>I lavori sono stati aperti dal prof. Giovanni Moschella, Prorettore Vicario e della prof.ssa Roberta Salomone, Delegato RUS, la quale ha anche presentato il nuovo Insegnamento multidisciplinare di Ateneo sulla Sostenibilit\u00e0.   <div id=\"videoincontent\" style=\"clear:both\";><\/div><\/p>\n\n\n\n<p> \u201c\u200b\u00c8 davvero emozionante \u2013 ha detto il Prorettore Vicario \u2013 poter osservare un\u2019Aula piena di giovani. Rivolgo il mio saluto a tutti voi ed ai colleghi che hanno contribuito all\u2019organizzazione della nuova edizione di \u2018UniMe Sustainability Day\u2019. Ringrazio, in particolare, la prof.ssa Salomone per il costante impegno e per la sensibilit\u00e0 dimostrata nei confronti dei temi legati alla sostenibilit\u00e0. Si tratta di argomenti fondamentali che stanno a cuore all\u2019Intero Ateneo, soprattutto in questa fase storica resa difficile dalla crisi energetica ed ambientale. Quest\u2019anno, la tematica della tutela dell\u2019ambiente \u00e8 stata introdotta all\u2019interno della Costituzione, in stretta correlazione alle tutele per le future generazioni, ed \u00e8 anche per questo che l\u2019Universit\u00e0 intende continuare a portare avanti iniziative sulla sostenibilit\u00e0, non solo in termini di eventi, ma anche sotto il profilo della Didattica mediante contestuali Corsi ed Insegnamenti. Attraverso questa manifestazione, UniMe dimostra di non essere avulsa dal mondo e dalla realt\u00e0 territoriale\u201d.<\/p>\n\n\n\n<p>\u201cSiamo molto orgogliosi di questo nostro evento annuale \u2013 ha aggiunto la prof.ssa Salomone \u2013 in cui l\u2019Universit\u00e0 mette in mostra parte delle sue virtuose attivit\u00e0 di didattica e ricerca nel campo della sostenibilit\u00e0. \u00c8 una occasione per incontrare i giovani studenti delle Scuole cittadine e della provincia che parteciperanno ai 21 laboratori che sono stati organizzati. Abbiamo gi\u00e0 un Corso dedicato alla sostenibilit\u00e0 e diversi dottorati di ricerca, ma abbiamo scelto la giornata di oggi per lanciare un Insegnamento multidisciplinare innovativo sulla sostenibilit\u00e0 che rappresenta una primizia per l\u2019Ateneo di Messina. Potranno sceglierlo tutti i nostri studenti di laurea triennale, magistrale, a ciclo unico ed anche i dottorandi e gli assegnisti\u201d.  <\/p>\n\n\n\n<p>Il nuovo Insegnamento arricchisce l\u2019offerta formativa dell\u2019Ateneo peloritano a partire dall\u2019a.a. 2022\/23 e pu\u00f2 essere inserito come \u2018attivit\u00e0 a scelta dello studente\u2019 (taf D) seguendo le procedure gi\u00e0 previste per l\u2019aggiunta delle materie a scelta. Sar\u00e0 fruibile online e disponibile a partire dal II semestre; avr\u00e0 una durata complessiva di 36 ore, organizzate in 10 seminari per un totale di 6 CFU. La tematica della sostenibilit\u00e0 verr\u00e0 studiata ed osservata da pi\u00f9 punti di vista in considerazione di collegati aspetti ambientali, economici, giuridici, energetici, sociologici ed epistemologici.<\/p>\n\n\n\n<p>Il programma di \u201cUniMe Sustainibility Day\u201d, che nel corso dell\u2019intera mattinata proseguir\u00e0 in maniera itinerante nelle aule dei Dipartimenti del Plesso Centrale, vede coinvolti circa 900 studenti e numerosi i docenti che interverranno per affrontare le tematiche connesse agli obiettivi dell\u2019 Agenda 2030. Tra questi: Cambiamenti climatici, impatto ambientale nelle scelte di produzione, fonti di energia per un mondo ad alta sostenibilit\u00e0, alimentazione, biotecnologie e biorisorse, cultura scientifica per la promozione della pace, dell\u2019uguaglianza e dello sviluppo sostenibile.<\/p>\n","protected":false},"excerpt":{"rendered":"<p>Un boom di adesioni si \u00e8 registrato in occasione della IV edizione di UniMe Sustainibility Day. Nell\u2019ambito del Festival dello Sviluppo Sostenibile 2022 promosso da ASVIS, l\u2018Aula Magna del Rettorato, gremita di studenti universitari e delle Scuole secondarie superiori, ha ospitato questa mattina la Cerimonia inaugurale della\u00a0IV edizione di \u201cUniMe Sustainibility Day\u201d,\u00a0evento che l\u2019Universit\u00e0 di [&hellip;]<\/p>\n","protected":false},"author":8,"featured_media":126336,"comment_status":"open","ping_status":"open","sticky":false,"template":"","format":"standard","meta":{"ub_ctt_via":"","_mi_skip_tracking":false},"categories":[7],"tags":[814],"featured_image_src":"https:\/\/www.messinaoggi.it\/website\/wp-content\/uploads\/2022\/10\/DSC_0502-scaled.jpg","author_info":{"display_name":"red..me","author_link":"https:\/\/www.messinaoggi.it\/website\/author\/redstage\/"},"digistream_id":0,"digistream":false,"_links":{"self":[{"href":"https:\/\/www.messinaoggi.it\/website\/wp-json\/wp\/v2\/posts\/126335"}],"collection":[{"href":"https:\/\/www.messinaoggi.it\/website\/wp-json\/wp\/v2\/posts"}],"about":[{"href":"https:\/\/www.messinaoggi.it\/website\/wp-json\/wp\/v2\/types\/post"}],"author":[{"embeddable":true,"href":"https:\/\/www.messinaoggi.it\/website\/wp-json\/wp\/v2\/users\/8"}],"replies":[{"embeddable":true,"href":"https:\/\/www.messinaoggi.it\/website\/wp-json\/wp\/v2\/comments?post=126335"}],"version-history":[{"count":1,"href":"https:\/\/www.messinaoggi.it\/website\/wp-json\/wp\/v2\/posts\/126335\/revisions"}],"predecessor-version":[{"id":126337,"href":"https:\/\/www.messinaoggi.it\/website\/wp-json\/wp\/v2\/posts\/126335\/revisions\/126337"}],"wp:featuredmedia":[{"embeddable":true,"href":"https:\/\/www.messinaoggi.it\/website\/wp-json\/wp\/v2\/media\/126336"}],"wp:attachment":[{"href":"https:\/\/www.messinaoggi.it\/website\/wp-json\/wp\/v2\/media?parent=126335"}],"wp:term":[{"taxonomy":"category","embeddable":true,"href":"https:\/\/www.messinaoggi.it\/website\/wp-json\/wp\/v2\/categories?post=126335"},{"taxonomy":"post_tag","embeddable":true,"href":"https:\/\/www.messinaoggi.it\/website\/wp-json\/wp\/v2\/tags?post=126335"}],"curies":[{"name":"wp","href":"https:\/\/api.w.org\/{rel}","templated":true}]}}