{"id":12632,"date":"2017-12-07T10:54:22","date_gmt":"2017-12-07T09:54:22","guid":{"rendered":"http:\/\/www.messinaoggi.it\/website\/?p=12632"},"modified":"2017-12-07T10:54:22","modified_gmt":"2017-12-07T09:54:22","slug":"emergenza-abitativa-gioveni-trasformare-in-definitivi-gli-alloggi-provvisori-per-recuperare-le-morosita","status":"publish","type":"post","link":"https:\/\/www.messinaoggi.it\/website\/2017\/12\/07\/emergenza-abitativa-gioveni-trasformare-in-definitivi-gli-alloggi-provvisori-per-recuperare-le-morosita\/","title":{"rendered":"Emergenza abitativa, Gioveni: &#039;Trasformare in definitivi gli alloggi provvisori per recuperare le morosit\u00e0&#039;"},"content":{"rendered":"<p align=\"JUSTIFY\"><span style=\"font-size: medium;\"><span style=\"font-family: Arial, sans-serif;\">Porre definitivamente rimedio all&#8217;emergenza abitativa, trasformando in definitive le attuali locazioni provvisorie al fine non soltanto di porre fine a quella condizione di precariet\u00e0 in cui versano molte famiglie messinesi, ma anche di rinsanguare le casse comunali: infatti, la regolarizzazione di tutte le morosit\u00e0 pregresse da parte degli attuali inquilini sarebbe la condizione necessaria affinch\u00e9 tale trasformazione avvenga. \u00c8 questa in sintesi la proposta presente in un&#8217;interrogazione indirizzata all&#8217;amministrazione dall&#8217;esponente del Gruppo Misto in Consiglio comunale, Libero Gioveni: \u201c<\/span><span style=\"font-family: Arial, sans-serif;\">Questa condizione di precariet\u00e0 e di incertezza da parte degli inquilini, &#8211; si legge nell&#8217;interrogazione &#8211; ha determinato un alto e sempre pi\u00f9 crescente tasso di morosit\u00e0 che (\u00e8 inutile nasconderlo) per alcuni &#8216;furbetti&#8217; ha rappresentato anche un&#8217;inqualificabile <\/span><span style=\"font-family: Arial, sans-serif;\"><i>habitu\u00e9<\/i><\/span><span style=\"font-family: Arial, sans-serif;\"> che oltre ad essere condannato andrebbe anche stanato!<\/span><span style=\"font-family: Arial, sans-serif;\">\u201d.<\/span><\/span><div id=\"div-gpt-ad-Messinaoggi.it-DSK-300x250-corpoart\" style=\"text-align:center;margin:0 auto;\"><\/div><\/p>\n<p align=\"JUSTIFY\">\u201c<span style=\"font-family: Arial, sans-serif;\"><span style=\"font-size: medium;\">Non si pu\u00f2 non pensare ad una soluzione volta ad una regolarizzazione di queste posizioni, &#8211; prosegue Gioveni &#8211; che miri a recuperare tutte o buona parte delle morosit\u00e0 con una contropartita (legittima) per queste famiglie: diventare inquilini &#8216;definitivi&#8217;! Pertanto, il sottoscritto consigliere comunale interroga ognuno per la parte di propria competenza, se, abbiano gi\u00e0 valutato la concreta possibilit\u00e0 di trasformare in &#8216;definitiva&#8217; l&#8217;attuale &#8216;locazione provvisoria&#8217; di tutti gli alloggi assegnati in condizione di emergenza abitativa, ponendo come condizione essenziale ai relativi inquilini la regolarizzazione di tutte le loro morosit\u00e0 pregresse; se e quando tale virtuoso percorso amministrativo sar\u00e0 posto in essere\u201d.<\/span><\/span><div id=\"videoincontent\" style=\"clear:both\";><\/div><\/p>\n","protected":false},"excerpt":{"rendered":"<p>Porre definitivamente rimedio all&#8217;emergenza abitativa, trasformando in definitive le attuali locazioni provvisorie al fine non soltanto di porre fine a quella condizione di precariet\u00e0 in cui versano molte famiglie messinesi, ma anche di rinsanguare le casse comunali: infatti, la regolarizzazione di tutte le morosit\u00e0 pregresse da parte degli attuali inquilini sarebbe la condizione necessaria affinch\u00e9 [&hellip;]<\/p>\n","protected":false},"author":10,"featured_media":12634,"comment_status":"closed","ping_status":"open","sticky":false,"template":"","format":"standard","meta":{"ub_ctt_via":"","_mi_skip_tracking":false},"categories":[6],"tags":[],"featured_image_src":"https:\/\/www.messinaoggi.it\/website\/wp-content\/uploads\/2017\/12\/diritto-casa.jpg","author_info":{"display_name":"Paolo Mustica","author_link":"https:\/\/www.messinaoggi.it\/website\/author\/p-mustica\/"},"digistream_id":0,"digistream":false,"_links":{"self":[{"href":"https:\/\/www.messinaoggi.it\/website\/wp-json\/wp\/v2\/posts\/12632"}],"collection":[{"href":"https:\/\/www.messinaoggi.it\/website\/wp-json\/wp\/v2\/posts"}],"about":[{"href":"https:\/\/www.messinaoggi.it\/website\/wp-json\/wp\/v2\/types\/post"}],"author":[{"embeddable":true,"href":"https:\/\/www.messinaoggi.it\/website\/wp-json\/wp\/v2\/users\/10"}],"replies":[{"embeddable":true,"href":"https:\/\/www.messinaoggi.it\/website\/wp-json\/wp\/v2\/comments?post=12632"}],"version-history":[{"count":0,"href":"https:\/\/www.messinaoggi.it\/website\/wp-json\/wp\/v2\/posts\/12632\/revisions"}],"wp:featuredmedia":[{"embeddable":true,"href":"https:\/\/www.messinaoggi.it\/website\/wp-json\/wp\/v2\/media\/12634"}],"wp:attachment":[{"href":"https:\/\/www.messinaoggi.it\/website\/wp-json\/wp\/v2\/media?parent=12632"}],"wp:term":[{"taxonomy":"category","embeddable":true,"href":"https:\/\/www.messinaoggi.it\/website\/wp-json\/wp\/v2\/categories?post=12632"},{"taxonomy":"post_tag","embeddable":true,"href":"https:\/\/www.messinaoggi.it\/website\/wp-json\/wp\/v2\/tags?post=12632"}],"curies":[{"name":"wp","href":"https:\/\/api.w.org\/{rel}","templated":true}]}}