{"id":126299,"date":"2022-10-19T10:07:52","date_gmt":"2022-10-19T08:07:52","guid":{"rendered":"https:\/\/www.messinaoggi.it\/website\/2022\/10\/19\/von-der-leyen-solidarieta-la-migliore-reazione-ai-ricatti-di-putin\/"},"modified":"2022-10-19T10:07:52","modified_gmt":"2022-10-19T08:07:52","slug":"von-der-leyen-solidarieta-la-migliore-reazione-ai-ricatti-di-putin","status":"publish","type":"post","link":"https:\/\/www.messinaoggi.it\/website\/2022\/10\/19\/von-der-leyen-solidarieta-la-migliore-reazione-ai-ricatti-di-putin\/","title":{"rendered":"Von der Leyen \u201cSolidariet\u00e0 la migliore reazione ai ricatti di Putin\u201d"},"content":{"rendered":"<div>STRASBURGO (FRANCIA) (ITALPRESS) &#8211; &#8220;Sosterremo l&#8217;Ucraina per tutto il tempo necessario. E proteggeremo gli europei dall&#8217;altra guerra che Putin sta conducendo, quella alla nostra energia. So che gli europei sono preoccupati per l&#8217;inflazione e per le bollette energetiche. La migliore reazione ai ricatti di Putin \u00e8 la solidariet\u00e0 europea&#8221;. Lo ha detto la presidente della Commissione europea, Ursula von der Leyen, intervenendo in plenaria al Parlamento europeo a Strasburgo. &#8220;In questo periodo cos\u00ec ostico, la Commissione ha trovato l&#8217;accordo per un quadro su misure energetiche: la prima misura \u00e8 logica e importante, anzich\u00e8 farsi concorrenza, acquisteremo gas insieme &#8211; ha aggiunto -. Tutte le societ\u00e0 coinvolte formeranno un consorzio d&#8217;acquisto. Abbiamo imparato la lezione del passato, abbiamo capito quanto gli Stati membri ad agosto stavano facendosi concorrenza, e questo ha portato all&#8217;aumento dei prezzi&#8221;. <br \/>Von der Leyen ha ribadito che &#8220;la solidariet\u00e0 \u00e8 parte dei nostri trattati e bisogna attuarla. E&#8217; semplice. Condivisione, unione e solidariet\u00e0 avranno un impatto sui prezzi ma bisogner\u00e0 fare di pi\u00f9 per affrontare l&#8217;aumento dei prezzi e la manipolazione del mercato da parte della Russia&#8221;. <div id=\"div-gpt-ad-Messinaoggi.it-DSK-300x250-corpoart\" style=\"text-align:center;margin:0 auto;\"><\/div><\/p>\n<p>&#8211; foto agenziafotogramma.it &#8211;<br \/>(ITALPRESS).<\/div>\n<div id=\"videoincontent\" style=\"clear:both\";><\/div>","protected":false},"excerpt":{"rendered":"<p>STRASBURGO (FRANCIA) (ITALPRESS) &#8211; &#8220;Sosterremo l&#8217;Ucraina per tutto il tempo necessario. E proteggeremo gli europei dall&#8217;altra guerra che Putin sta conducendo, quella alla nostra energia. So che gli europei sono preoccupati per l&#8217;inflazione e per le bollette energetiche. La migliore reazione ai ricatti di Putin \u00e8 la solidariet\u00e0 europea&#8221;. Lo ha detto la presidente della [&hellip;]<\/p>\n","protected":false},"author":18,"featured_media":126300,"comment_status":"closed","ping_status":"closed","sticky":false,"template":"","format":"standard","meta":{"ub_ctt_via":"","_mi_skip_tracking":false},"categories":[446],"tags":[783],"featured_image_src":"https:\/\/www.messinaoggi.it\/website\/wp-content\/uploads\/2022\/10\/20221019_0149.jpg","author_info":{"display_name":"Admin","author_link":"https:\/\/www.messinaoggi.it\/website\/author\/admin\/"},"digistream_id":0,"digistream":false,"_links":{"self":[{"href":"https:\/\/www.messinaoggi.it\/website\/wp-json\/wp\/v2\/posts\/126299"}],"collection":[{"href":"https:\/\/www.messinaoggi.it\/website\/wp-json\/wp\/v2\/posts"}],"about":[{"href":"https:\/\/www.messinaoggi.it\/website\/wp-json\/wp\/v2\/types\/post"}],"author":[{"embeddable":true,"href":"https:\/\/www.messinaoggi.it\/website\/wp-json\/wp\/v2\/users\/18"}],"replies":[{"embeddable":true,"href":"https:\/\/www.messinaoggi.it\/website\/wp-json\/wp\/v2\/comments?post=126299"}],"version-history":[{"count":0,"href":"https:\/\/www.messinaoggi.it\/website\/wp-json\/wp\/v2\/posts\/126299\/revisions"}],"wp:featuredmedia":[{"embeddable":true,"href":"https:\/\/www.messinaoggi.it\/website\/wp-json\/wp\/v2\/media\/126300"}],"wp:attachment":[{"href":"https:\/\/www.messinaoggi.it\/website\/wp-json\/wp\/v2\/media?parent=126299"}],"wp:term":[{"taxonomy":"category","embeddable":true,"href":"https:\/\/www.messinaoggi.it\/website\/wp-json\/wp\/v2\/categories?post=126299"},{"taxonomy":"post_tag","embeddable":true,"href":"https:\/\/www.messinaoggi.it\/website\/wp-json\/wp\/v2\/tags?post=126299"}],"curies":[{"name":"wp","href":"https:\/\/api.w.org\/{rel}","templated":true}]}}