{"id":126287,"date":"2022-10-19T09:07:50","date_gmt":"2022-10-19T07:07:50","guid":{"rendered":"https:\/\/www.messinaoggi.it\/website\/2022\/10\/19\/ucraina-cattaneo-latlantismo-di-forza-italia-e-fuori-discussione\/"},"modified":"2022-10-19T09:07:50","modified_gmt":"2022-10-19T07:07:50","slug":"ucraina-cattaneo-latlantismo-di-forza-italia-e-fuori-discussione","status":"publish","type":"post","link":"https:\/\/www.messinaoggi.it\/website\/2022\/10\/19\/ucraina-cattaneo-latlantismo-di-forza-italia-e-fuori-discussione\/","title":{"rendered":"Ucraina, Cattaneo \u201cL\u2019atlantismo di Forza Italia \u00e8 fuori discussione\u201d"},"content":{"rendered":"<div>ROMA (ITALPRESS) &#8211; &#8220;Noi siamo atlantisti ed europeisti, su questo non pu\u00f2 esserci nessun dubbio. Berlusconi non ha detto che sta tentando di ricucire. Tutti gli atti parlamentari, sia nella passata legislatura, sia in 25 anni di storia, sono orientati alla nostra adesione piena ai valori dell&#8217;Occidente, al Patto atlantico. Quel che ha detto era un momento di dialogo all&#8217;interno di assemblea. Poi Berlusconi \u00e8 un uomo di pace e faceva riferimento a eventi del passato&#8221;. A dirlo in un&#8217;intervista al quotidiano &#8220;La Stampa&#8221; \u00e8 Alessandro Cattaneo, capogruppo di Forza Italia alla Camera, in merito alle parole che Silvio Berlusconi avrebbe pronunciato su una presunta ripresa dei rapporti con Vladimir Putin.<br \/>\nSulla nascita del Governo e i rapporti con Fratelli d&#8217;Italia, Cattaneo sottolinea che &#8220;noi siamo stati penalizzati, \u00e8 un fatto oggettivo. E la settimana scorsa ci sono state incomprensioni; \u00e8 innegabile. Per\u00f2 il presidente Berlusconi \u00e8 sceso in campo con autorevolezza e generosit\u00e0&#8221;.<br \/>\nSecondo Cattaneo &#8220;sul tema un p\u00f2 si \u00e8 romanzato. Nessuno di noi ha mai avuto l&#8217;idea di un appoggio esterno e nemmeno di perdere mezza giornata. Il tempo che ci \u00e8 stato lasciato dagli impegni istituzionali, lo abbiamo usato per sciogliere alcuni nodi. Meglio chiarirsi alla vigilia della partenza piuttosto che portarsi dietro le incomprensioni. Comunque nel centrodestra ci confrontiamo, c&#8217;\u00e8 una dialettica anche accesa, per\u00f2 alla fine la sintesi la troviamo&#8221;.<div id=\"div-gpt-ad-Messinaoggi.it-DSK-300x250-corpoart\" style=\"text-align:center;margin:0 auto;\"><\/div><\/p>\n<p>&#8211; foto agenziafotogramma.it &#8211;<br \/>\n(ITALPRESS).<div id=\"videoincontent\" style=\"clear:both\";><\/div><\/p><\/div>\n","protected":false},"excerpt":{"rendered":"<p>ROMA (ITALPRESS) &#8211; &#8220;Noi siamo atlantisti ed europeisti, su questo non pu\u00f2 esserci nessun dubbio. Berlusconi non ha detto che sta tentando di ricucire. Tutti gli atti parlamentari, sia nella passata legislatura, sia in 25 anni di storia, sono orientati alla nostra adesione piena ai valori dell&#8217;Occidente, al Patto atlantico. Quel che ha detto era [&hellip;]<\/p>\n","protected":false},"author":18,"featured_media":126288,"comment_status":"closed","ping_status":"closed","sticky":false,"template":"","format":"standard","meta":{"ub_ctt_via":"","_mi_skip_tracking":false},"categories":[446],"tags":[783],"featured_image_src":"https:\/\/www.messinaoggi.it\/website\/wp-content\/uploads\/2022\/10\/20221019_0115.jpg","author_info":{"display_name":"Admin","author_link":"https:\/\/www.messinaoggi.it\/website\/author\/admin\/"},"digistream_id":0,"digistream":false,"_links":{"self":[{"href":"https:\/\/www.messinaoggi.it\/website\/wp-json\/wp\/v2\/posts\/126287"}],"collection":[{"href":"https:\/\/www.messinaoggi.it\/website\/wp-json\/wp\/v2\/posts"}],"about":[{"href":"https:\/\/www.messinaoggi.it\/website\/wp-json\/wp\/v2\/types\/post"}],"author":[{"embeddable":true,"href":"https:\/\/www.messinaoggi.it\/website\/wp-json\/wp\/v2\/users\/18"}],"replies":[{"embeddable":true,"href":"https:\/\/www.messinaoggi.it\/website\/wp-json\/wp\/v2\/comments?post=126287"}],"version-history":[{"count":0,"href":"https:\/\/www.messinaoggi.it\/website\/wp-json\/wp\/v2\/posts\/126287\/revisions"}],"wp:featuredmedia":[{"embeddable":true,"href":"https:\/\/www.messinaoggi.it\/website\/wp-json\/wp\/v2\/media\/126288"}],"wp:attachment":[{"href":"https:\/\/www.messinaoggi.it\/website\/wp-json\/wp\/v2\/media?parent=126287"}],"wp:term":[{"taxonomy":"category","embeddable":true,"href":"https:\/\/www.messinaoggi.it\/website\/wp-json\/wp\/v2\/categories?post=126287"},{"taxonomy":"post_tag","embeddable":true,"href":"https:\/\/www.messinaoggi.it\/website\/wp-json\/wp\/v2\/tags?post=126287"}],"curies":[{"name":"wp","href":"https:\/\/api.w.org\/{rel}","templated":true}]}}