{"id":126281,"date":"2022-10-19T01:07:51","date_gmt":"2022-10-18T23:07:51","guid":{"rendered":"https:\/\/www.messinaoggi.it\/website\/2022\/10\/19\/cagliari-crolla-aula-magna-universita-per-ora-nessun-ferito\/"},"modified":"2022-10-19T01:07:51","modified_gmt":"2022-10-18T23:07:51","slug":"cagliari-crolla-aula-magna-universita-per-ora-nessun-ferito","status":"publish","type":"post","link":"https:\/\/www.messinaoggi.it\/website\/2022\/10\/19\/cagliari-crolla-aula-magna-universita-per-ora-nessun-ferito\/","title":{"rendered":"Cagliari, Crolla Aula Magna Universit\u00e0, per ora nessun ferito"},"content":{"rendered":"<div>MILANO (ITALPRESS) &#8211; Una palazzina dell&#8217;Universit\u00e0 di Cagliati, all&#8217;interno della quale c&#8217;era anche l&#8217;Aula Magna delle facolt\u00e0 umanistiche \u00e8 crollata. Lo rendono noto i Vigili del Fuoco di Cagliari che sono gi\u00e0 al lavoro nei locali dell&#8217;ateneo in via Trentino. Al momento non \u00e8 ancora chiaro se vi siano persone coinvolte, anche se vista l&#8217;ora, si ritiene che non ve ne siano. Le lezioni si erano svolte per tutta le giornata odierna, per interrompersi attorno alle 20. Il crollo, secondo le prime testimonianze, sarebbe avvenuto alle 22. I pompieri sono comunque al lavoro, anche con cani e apparecchiature speciali, per verificare che sotto le macerie non ci sia nessuno. Sul posto sono accorsi anche il sindaco di Cagliari Paolo Truzzu e il rettore Francesco Mola.(ITALPRESS).<div id=\"div-gpt-ad-Messinaoggi.it-DSK-300x250-corpoart\" style=\"text-align:center;margin:0 auto;\"><\/div><\/p>\n<p>Photo Credits: Vigili del Fuoco<div id=\"videoincontent\" style=\"clear:both\";><\/div><\/p><\/div>\n","protected":false},"excerpt":{"rendered":"<p>MILANO (ITALPRESS) &#8211; Una palazzina dell&#8217;Universit\u00e0 di Cagliati, all&#8217;interno della quale c&#8217;era anche l&#8217;Aula Magna delle facolt\u00e0 umanistiche \u00e8 crollata. Lo rendono noto i Vigili del Fuoco di Cagliari che sono gi\u00e0 al lavoro nei locali dell&#8217;ateneo in via Trentino. Al momento non \u00e8 ancora chiaro se vi siano persone coinvolte, anche se vista l&#8217;ora, [&hellip;]<\/p>\n","protected":false},"author":18,"featured_media":126282,"comment_status":"closed","ping_status":"closed","sticky":false,"template":"","format":"standard","meta":{"ub_ctt_via":"","_mi_skip_tracking":false},"categories":[446],"tags":[783],"featured_image_src":"https:\/\/www.messinaoggi.it\/website\/wp-content\/uploads\/2022\/10\/20221019_0008.jpg","author_info":{"display_name":"Admin","author_link":"https:\/\/www.messinaoggi.it\/website\/author\/admin\/"},"digistream_id":0,"digistream":false,"_links":{"self":[{"href":"https:\/\/www.messinaoggi.it\/website\/wp-json\/wp\/v2\/posts\/126281"}],"collection":[{"href":"https:\/\/www.messinaoggi.it\/website\/wp-json\/wp\/v2\/posts"}],"about":[{"href":"https:\/\/www.messinaoggi.it\/website\/wp-json\/wp\/v2\/types\/post"}],"author":[{"embeddable":true,"href":"https:\/\/www.messinaoggi.it\/website\/wp-json\/wp\/v2\/users\/18"}],"replies":[{"embeddable":true,"href":"https:\/\/www.messinaoggi.it\/website\/wp-json\/wp\/v2\/comments?post=126281"}],"version-history":[{"count":0,"href":"https:\/\/www.messinaoggi.it\/website\/wp-json\/wp\/v2\/posts\/126281\/revisions"}],"wp:featuredmedia":[{"embeddable":true,"href":"https:\/\/www.messinaoggi.it\/website\/wp-json\/wp\/v2\/media\/126282"}],"wp:attachment":[{"href":"https:\/\/www.messinaoggi.it\/website\/wp-json\/wp\/v2\/media?parent=126281"}],"wp:term":[{"taxonomy":"category","embeddable":true,"href":"https:\/\/www.messinaoggi.it\/website\/wp-json\/wp\/v2\/categories?post=126281"},{"taxonomy":"post_tag","embeddable":true,"href":"https:\/\/www.messinaoggi.it\/website\/wp-json\/wp\/v2\/tags?post=126281"}],"curies":[{"name":"wp","href":"https:\/\/api.w.org\/{rel}","templated":true}]}}