{"id":126200,"date":"2022-10-18T14:08:03","date_gmt":"2022-10-18T12:08:03","guid":{"rendered":"https:\/\/www.messinaoggi.it\/website\/2022\/10\/18\/mattarella-incontra-il-presidente-polacco-sullenergia-serve-unita-ue\/"},"modified":"2022-10-18T14:08:03","modified_gmt":"2022-10-18T12:08:03","slug":"mattarella-incontra-il-presidente-polacco-sullenergia-serve-unita-ue","status":"publish","type":"post","link":"https:\/\/www.messinaoggi.it\/website\/2022\/10\/18\/mattarella-incontra-il-presidente-polacco-sullenergia-serve-unita-ue\/","title":{"rendered":"Mattarella incontra il presidente polacco \u201cSull\u2019energia serve unit\u00e0 Ue\u201d"},"content":{"rendered":"<div>ROMA (ITALPRESS) &#8211; Sostegno netto all&#8217;Ucraina, riconoscimento  dell&#8217;impegno polacco per l&#8217;accoglienza ai profughi ucraini, necessit\u00e0 di maggiore solidariet\u00e0 e di unit\u00e0 europea, a cominciare dalla questione energetica che rischia di provocare gravi conseguenze sui cittadini e sulle imprese. Questi, secondo quanto si apprende, i temi affrontati dal presidente della Repubblica Sergio Mattarella con l&#8217;omologo polacco Andrzej Sebastian Duda, nel corso del colloquio al Quirinale.<br \/>Mattarella si \u00e8 augurato che dall&#8217;imminente Consiglio europeo arrivino soluzioni in tal senso.<div id=\"div-gpt-ad-Messinaoggi.it-DSK-300x250-corpoart\" style=\"text-align:center;margin:0 auto;\"><\/div><\/p>\n<p>&#8211; foto ufficio stampa Quirinale &#8211;<div id=\"videoincontent\" style=\"clear:both\";><\/div><\/p>\n<p>(ITALPRESS).<\/p><\/div>\n","protected":false},"excerpt":{"rendered":"<p>ROMA (ITALPRESS) &#8211; Sostegno netto all&#8217;Ucraina, riconoscimento dell&#8217;impegno polacco per l&#8217;accoglienza ai profughi ucraini, necessit\u00e0 di maggiore solidariet\u00e0 e di unit\u00e0 europea, a cominciare dalla questione energetica che rischia di provocare gravi conseguenze sui cittadini e sulle imprese. Questi, secondo quanto si apprende, i temi affrontati dal presidente della Repubblica Sergio Mattarella con l&#8217;omologo polacco [&hellip;]<\/p>\n","protected":false},"author":18,"featured_media":126201,"comment_status":"closed","ping_status":"closed","sticky":false,"template":"","format":"standard","meta":{"ub_ctt_via":"","_mi_skip_tracking":false},"categories":[446],"tags":[783],"featured_image_src":"https:\/\/www.messinaoggi.it\/website\/wp-content\/uploads\/2022\/10\/20221018_0708.jpg","author_info":{"display_name":"Admin","author_link":"https:\/\/www.messinaoggi.it\/website\/author\/admin\/"},"digistream_id":0,"digistream":false,"_links":{"self":[{"href":"https:\/\/www.messinaoggi.it\/website\/wp-json\/wp\/v2\/posts\/126200"}],"collection":[{"href":"https:\/\/www.messinaoggi.it\/website\/wp-json\/wp\/v2\/posts"}],"about":[{"href":"https:\/\/www.messinaoggi.it\/website\/wp-json\/wp\/v2\/types\/post"}],"author":[{"embeddable":true,"href":"https:\/\/www.messinaoggi.it\/website\/wp-json\/wp\/v2\/users\/18"}],"replies":[{"embeddable":true,"href":"https:\/\/www.messinaoggi.it\/website\/wp-json\/wp\/v2\/comments?post=126200"}],"version-history":[{"count":0,"href":"https:\/\/www.messinaoggi.it\/website\/wp-json\/wp\/v2\/posts\/126200\/revisions"}],"wp:featuredmedia":[{"embeddable":true,"href":"https:\/\/www.messinaoggi.it\/website\/wp-json\/wp\/v2\/media\/126201"}],"wp:attachment":[{"href":"https:\/\/www.messinaoggi.it\/website\/wp-json\/wp\/v2\/media?parent=126200"}],"wp:term":[{"taxonomy":"category","embeddable":true,"href":"https:\/\/www.messinaoggi.it\/website\/wp-json\/wp\/v2\/categories?post=126200"},{"taxonomy":"post_tag","embeddable":true,"href":"https:\/\/www.messinaoggi.it\/website\/wp-json\/wp\/v2\/tags?post=126200"}],"curies":[{"name":"wp","href":"https:\/\/api.w.org\/{rel}","templated":true}]}}