{"id":126196,"date":"2022-10-18T14:07:57","date_gmt":"2022-10-18T12:07:57","guid":{"rendered":"https:\/\/www.messinaoggi.it\/website\/2022\/10\/18\/levi-entro-pochi-mesi-la-fibra-di-iliad-in-10-milioni-di-immobili\/"},"modified":"2022-10-18T14:07:57","modified_gmt":"2022-10-18T12:07:57","slug":"levi-entro-pochi-mesi-la-fibra-di-iliad-in-10-milioni-di-immobili","status":"publish","type":"post","link":"https:\/\/www.messinaoggi.it\/website\/2022\/10\/18\/levi-entro-pochi-mesi-la-fibra-di-iliad-in-10-milioni-di-immobili\/","title":{"rendered":"Levi \u201cEntro pochi mesi la fibra di Iliad in 10 milioni di immobili\u201d"},"content":{"rendered":"<div>ROMA (ITALPRESS) &#8211; &#8220;Noi abbiamo firmato accordi con tutti i principali attori dell&#8217;accesso alla fibra in Italia. Abbiamo fatto questa scelta, molto forte, di offrire oltre alla nostra connettivit\u00e0 mobile, una connettivit\u00e0 fissa 100% Ftth. Abbiamo firmato accordi con tutti i principali fornitori in Italia come Open Fiber, FiberCop e Fastweb. Il nostro obiettivo \u00e8 quello di andare a offrire una connessione che \u00e8 solo la migliore possibile: noi acquistiamo una connessione in fibra passiva e andiamo a installare ovunque possibile i nostri apparati che ci permette di offrire performance elevate, fino a 5 gigabit al secondo. Da qui a inizio 2023 contiamo di coprire circa 10 milioni di unit\u00e0 immobiliari, oggi sono circa 7,7 milioni&#8221;. Cos\u00ec Benedetto Levi, amministratore delegato di Iliad Italia, intervistato dall&#8217;Italpress. &#8220;La nostra offerta a 19,99 euro per gli utenti mobili \u00e8 molto conveniente, noi abbiamo fatto la scelta di offrire solo vera fibra a prezzi molto competitivi e in trasparenza, questo generer\u00e0 un&#8217;ulteriore spinta verso il passaggio alla fibra&#8221;, ha aggiunto. <br \/>Levi ha poi spiegato l&#8217;impegno di Iliad per ridurre l&#8217;impatto dei consumi energetici: &#8220;Al di l\u00e0 di alcune misure nell&#8217;interno dei nostri uffici o store, le reti di telecomunicazione consumano molta elettricit\u00e0, quindi stiamo valutando alcune misure di notte che, senza avere il minimo impatto negativo, andranno a ridurre il consumo dell&#8217;elettricit\u00e0 e ridurre quindi i consumi nel Paese. Altra misura importante \u00e8 la funzionalit\u00e0 che abbiamo implementato sulle nostre Iliad box, che \u00e8 lo spegnimento automatico del wi-fi a casa durante la notte per evitare di avere consumi energetici inutili. Sulla sostenibilit\u00e0 siamo attivi su molti fronti &#8211; ha proseguito &#8211; come operatore sappiamo quanto la connettivit\u00e0 sia importante per andare da un lato a colmare alcuni divari geografici e sociali ma anche a ridurre le emissioni di Co2, l&#8217;abbiamo scoperto soprattutto durante la pandemia. Stiamo mettendo in piedi alcune misure relative alla sostenibilit\u00e0 che chiamerei pi\u00f9 sociale che ambientale, una accessibilit\u00e0 totale delle nostre offerte; ad esempio, ci sono alcune attivit\u00e0 locali in molte citt\u00e0 italiane per avvicinare dei ragazzi delle scuole medie di alcuni quartieri difficili al mondo delle materie Stem&#8221;. <br \/>Infine Levi ha sottolineato come in Italia si \u00e8 partiti in ritardo rispetto al alcuni paesi europei nello sviluppare la reti a fibra ottica, &#8220;ma oggi questo ritardo si sta colmando anche grazie ai fondi del Pnrr, credo che le due priorit\u00e0 per colmare il digital divide siano da un lato accelerare la cablatura del paese, dall&#8217;altro lato offerte semplici, chiare e accessibili che permettano poi agli utenti di sottoscrivere l&#8217;offerta. Perch\u00e8 se la fibra arriva e poi nessuno sottoscrive \u00e8 inutile averla portata&#8221;, ha concluso.<div id=\"div-gpt-ad-Messinaoggi.it-DSK-300x250-corpoart\" style=\"text-align:center;margin:0 auto;\"><\/div><\/p>\n<p>&#8211; foto Italpress &#8211;<br \/>(ITALPRESS).<\/div>\n<div id=\"videoincontent\" style=\"clear:both\";><\/div>","protected":false},"excerpt":{"rendered":"<p>ROMA (ITALPRESS) &#8211; &#8220;Noi abbiamo firmato accordi con tutti i principali attori dell&#8217;accesso alla fibra in Italia. Abbiamo fatto questa scelta, molto forte, di offrire oltre alla nostra connettivit\u00e0 mobile, una connettivit\u00e0 fissa 100% Ftth. Abbiamo firmato accordi con tutti i principali fornitori in Italia come Open Fiber, FiberCop e Fastweb. Il nostro obiettivo \u00e8 [&hellip;]<\/p>\n","protected":false},"author":18,"featured_media":126197,"comment_status":"closed","ping_status":"closed","sticky":false,"template":"","format":"standard","meta":{"ub_ctt_via":"","_mi_skip_tracking":false},"categories":[446],"tags":[783],"featured_image_src":"https:\/\/www.messinaoggi.it\/website\/wp-content\/uploads\/2022\/10\/20221018_0554.jpg","author_info":{"display_name":"Admin","author_link":"https:\/\/www.messinaoggi.it\/website\/author\/admin\/"},"digistream_id":0,"digistream":false,"_links":{"self":[{"href":"https:\/\/www.messinaoggi.it\/website\/wp-json\/wp\/v2\/posts\/126196"}],"collection":[{"href":"https:\/\/www.messinaoggi.it\/website\/wp-json\/wp\/v2\/posts"}],"about":[{"href":"https:\/\/www.messinaoggi.it\/website\/wp-json\/wp\/v2\/types\/post"}],"author":[{"embeddable":true,"href":"https:\/\/www.messinaoggi.it\/website\/wp-json\/wp\/v2\/users\/18"}],"replies":[{"embeddable":true,"href":"https:\/\/www.messinaoggi.it\/website\/wp-json\/wp\/v2\/comments?post=126196"}],"version-history":[{"count":0,"href":"https:\/\/www.messinaoggi.it\/website\/wp-json\/wp\/v2\/posts\/126196\/revisions"}],"wp:featuredmedia":[{"embeddable":true,"href":"https:\/\/www.messinaoggi.it\/website\/wp-json\/wp\/v2\/media\/126197"}],"wp:attachment":[{"href":"https:\/\/www.messinaoggi.it\/website\/wp-json\/wp\/v2\/media?parent=126196"}],"wp:term":[{"taxonomy":"category","embeddable":true,"href":"https:\/\/www.messinaoggi.it\/website\/wp-json\/wp\/v2\/categories?post=126196"},{"taxonomy":"post_tag","embeddable":true,"href":"https:\/\/www.messinaoggi.it\/website\/wp-json\/wp\/v2\/tags?post=126196"}],"curies":[{"name":"wp","href":"https:\/\/api.w.org\/{rel}","templated":true}]}}