{"id":126188,"date":"2022-10-18T12:32:51","date_gmt":"2022-10-18T10:32:51","guid":{"rendered":"https:\/\/www.messinaoggi.it\/website\/2022\/10\/18\/rifiuti-cateno-de-luca-subito-risposte-da-schifani-o-a-novembre-il-munnizza-day\/"},"modified":"2022-10-18T12:32:51","modified_gmt":"2022-10-18T10:32:51","slug":"rifiuti-cateno-de-luca-subito-risposte-da-schifani-o-a-novembre-il-munnizza-day","status":"publish","type":"post","link":"https:\/\/www.messinaoggi.it\/website\/2022\/10\/18\/rifiuti-cateno-de-luca-subito-risposte-da-schifani-o-a-novembre-il-munnizza-day\/","title":{"rendered":"Rifiuti, Cateno De Luca \u201cSubito risposte da Schifani o a novembre il Munnizza day\u201d"},"content":{"rendered":"<div>\n<p>PALERMO (ITALPRESS) \u2013 Un \u201cMunnizza day\u201d organizzato dalla lista De Luca \u2013 Sindaco di Sicilia per met\u00e0 novembre per portare a Palermo le testimonianze dei primi cittadini alle prese con la crisi dei rifiuti e l\u2019aumento di costi di smaltimento. Lo ha annunciato a Palazzo dei Normanni, l\u2019ex sindaco di Messina e deputato all\u2019Ars, Cateno De Luca al termine di una conferenza stampa. \u201cSui rifiuti il governo Musumeci non ha le carte in regola, su questo non ci sono dubbi \u2013 ha detto De Luca -, da venerd\u00ec c\u2019\u00e8 un monarca e ci rivolgiamo al monarca: cosa intende fare Schifani? Al momento la responsabilit\u00e0 \u00e8 sua\u201d. \u201cI cittadini hanno subito l\u2019aumento dell\u2019energia e adesso subiranno l\u2019aumento almeno del 40% della Tari, pretendiamo un\u2019immediata risposta\u201d, ha sottolineato. E se non dovesse arrivare? \u201cNon siamo intenzionati ad aspettare le dinamiche dei palazzi dorati. viviamo la quotidianit\u00e0. Diamo trenta giorni di tempo e desideriamo sapere quali sono le soluzioni che vuole prendere. Tra trenta giorni organizziamo il Munnizza Day: sar\u00e0 qualcosa di molto eclatante, un campione delle testimonianze comune per comune vedremo di portarle e le studieremo con i colleghi sindaci\u201d, ha spiegato De Luca, che ha chiesto: \u201cDove sono finiti i 45 milioni promessi ai comuni dalla Giunta Musumeci con una delibera dello scorso marzo e se il presidente Schifani ha gi\u00e0 previsto un nuovo stanziamento per il 2023\u201d. \u201cI comuni devono chiudere i bilanci del 2022 e del 2023 ma non possono farlo per mancanza di certezza sui fondi\u201d, ha detto De Luca.<br \/>foto xd5 Italpress<br \/>(ITALPRESS).<div id=\"div-gpt-ad-Messinaoggi.it-DSK-300x250-corpoart\" style=\"text-align:center;margin:0 auto;\"><\/div><\/p>\n<\/div>\n<div id=\"videoincontent\" style=\"clear:both\";><\/div>","protected":false},"excerpt":{"rendered":"<p>PALERMO (ITALPRESS) \u2013 Un \u201cMunnizza day\u201d organizzato dalla lista De Luca \u2013 Sindaco di Sicilia per met\u00e0 novembre per portare a Palermo le testimonianze dei primi cittadini alle prese con la crisi dei rifiuti e l\u2019aumento di costi di smaltimento. Lo ha annunciato a Palazzo dei Normanni, l\u2019ex sindaco di Messina e deputato all\u2019Ars, Cateno [&hellip;]<\/p>\n","protected":false},"author":18,"featured_media":126189,"comment_status":"closed","ping_status":"closed","sticky":false,"template":"","format":"standard","meta":{"ub_ctt_via":"","_mi_skip_tracking":false},"categories":[2449],"tags":[783],"featured_image_src":"https:\/\/www.messinaoggi.it\/website\/wp-content\/uploads\/2022\/10\/20221018_0453.jpg","author_info":{"display_name":"Admin","author_link":"https:\/\/www.messinaoggi.it\/website\/author\/admin\/"},"digistream_id":0,"digistream":false,"_links":{"self":[{"href":"https:\/\/www.messinaoggi.it\/website\/wp-json\/wp\/v2\/posts\/126188"}],"collection":[{"href":"https:\/\/www.messinaoggi.it\/website\/wp-json\/wp\/v2\/posts"}],"about":[{"href":"https:\/\/www.messinaoggi.it\/website\/wp-json\/wp\/v2\/types\/post"}],"author":[{"embeddable":true,"href":"https:\/\/www.messinaoggi.it\/website\/wp-json\/wp\/v2\/users\/18"}],"replies":[{"embeddable":true,"href":"https:\/\/www.messinaoggi.it\/website\/wp-json\/wp\/v2\/comments?post=126188"}],"version-history":[{"count":0,"href":"https:\/\/www.messinaoggi.it\/website\/wp-json\/wp\/v2\/posts\/126188\/revisions"}],"wp:featuredmedia":[{"embeddable":true,"href":"https:\/\/www.messinaoggi.it\/website\/wp-json\/wp\/v2\/media\/126189"}],"wp:attachment":[{"href":"https:\/\/www.messinaoggi.it\/website\/wp-json\/wp\/v2\/media?parent=126188"}],"wp:term":[{"taxonomy":"category","embeddable":true,"href":"https:\/\/www.messinaoggi.it\/website\/wp-json\/wp\/v2\/categories?post=126188"},{"taxonomy":"post_tag","embeddable":true,"href":"https:\/\/www.messinaoggi.it\/website\/wp-json\/wp\/v2\/tags?post=126188"}],"curies":[{"name":"wp","href":"https:\/\/api.w.org\/{rel}","templated":true}]}}