{"id":126183,"date":"2022-10-18T12:07:58","date_gmt":"2022-10-18T10:07:58","guid":{"rendered":"https:\/\/www.messinaoggi.it\/website\/2022\/10\/18\/e-morto-franco-gatti-dei-ricchi-e-poveri\/"},"modified":"2022-10-18T12:07:58","modified_gmt":"2022-10-18T10:07:58","slug":"e-morto-franco-gatti-dei-ricchi-e-poveri","status":"publish","type":"post","link":"https:\/\/www.messinaoggi.it\/website\/2022\/10\/18\/e-morto-franco-gatti-dei-ricchi-e-poveri\/","title":{"rendered":"E\u2019 morto Franco Gatti dei Ricchi e Poveri"},"content":{"rendered":"<div>GENOVA (ITALPRESS) &#8211; E&#8217; scomparso Franco Gatti. L&#8217;ex componente dei Ricchi \u00e8 Poveri si \u00e8 spento a Genova all&#8217;et\u00e0 di 80 anni (compiuti il 4 ottobre, ndr). Il cantante da quasi dieci anni non faceva pi\u00f9 parte del gruppo musicale, ma aveva partecipato alla reunion del 2020 in occasione del Festival di Sanremo.<br \/>\nNegli anni settanta e ottanta diversi singoli dei Ricchi e Poveri hanno raggiunto la vetta delle classifiche italiane e internazionali; tra questi La prima cosa bella, Che sar\u00e0, Sar\u00e0 perch\u00e9 ti amo, Come vorrei, Mamma Maria e Voulez vous danser, alcuni dei quali sono stati scelti come sigle di popolari<br \/>\ntrasmissioni televisive, tra cui Portobello. Hanno rappresentato l&#8217;Italia all&#8217;Eurovision Song Contest nel 1978 e partecipato a 12 Festival di Sanremo, riuscendo a vincere nel 1985 con la canzone Se m&#8217;innamoro.<br \/>\n-foto agenziafotogramma.it-<br \/>\n(ITALPRESS)<\/div>\n<div id=\"div-gpt-ad-Messinaoggi.it-DSK-300x250-corpoart\" style=\"text-align:center;margin:0 auto;\"><\/div><\/p><div id=\"videoincontent\" style=\"clear:both\";><\/div>","protected":false},"excerpt":{"rendered":"<p>GENOVA (ITALPRESS) &#8211; E&#8217; scomparso Franco Gatti. L&#8217;ex componente dei Ricchi \u00e8 Poveri si \u00e8 spento a Genova all&#8217;et\u00e0 di 80 anni (compiuti il 4 ottobre, ndr). Il cantante da quasi dieci anni non faceva pi\u00f9 parte del gruppo musicale, ma aveva partecipato alla reunion del 2020 in occasione del Festival di Sanremo. Negli anni [&hellip;]<\/p>\n","protected":false},"author":18,"featured_media":126184,"comment_status":"closed","ping_status":"closed","sticky":false,"template":"","format":"standard","meta":{"ub_ctt_via":"","_mi_skip_tracking":false},"categories":[446],"tags":[783],"featured_image_src":"https:\/\/www.messinaoggi.it\/website\/wp-content\/uploads\/2022\/10\/20221018_0309.jpg","author_info":{"display_name":"Admin","author_link":"https:\/\/www.messinaoggi.it\/website\/author\/admin\/"},"digistream_id":0,"digistream":false,"_links":{"self":[{"href":"https:\/\/www.messinaoggi.it\/website\/wp-json\/wp\/v2\/posts\/126183"}],"collection":[{"href":"https:\/\/www.messinaoggi.it\/website\/wp-json\/wp\/v2\/posts"}],"about":[{"href":"https:\/\/www.messinaoggi.it\/website\/wp-json\/wp\/v2\/types\/post"}],"author":[{"embeddable":true,"href":"https:\/\/www.messinaoggi.it\/website\/wp-json\/wp\/v2\/users\/18"}],"replies":[{"embeddable":true,"href":"https:\/\/www.messinaoggi.it\/website\/wp-json\/wp\/v2\/comments?post=126183"}],"version-history":[{"count":0,"href":"https:\/\/www.messinaoggi.it\/website\/wp-json\/wp\/v2\/posts\/126183\/revisions"}],"wp:featuredmedia":[{"embeddable":true,"href":"https:\/\/www.messinaoggi.it\/website\/wp-json\/wp\/v2\/media\/126184"}],"wp:attachment":[{"href":"https:\/\/www.messinaoggi.it\/website\/wp-json\/wp\/v2\/media?parent=126183"}],"wp:term":[{"taxonomy":"category","embeddable":true,"href":"https:\/\/www.messinaoggi.it\/website\/wp-json\/wp\/v2\/categories?post=126183"},{"taxonomy":"post_tag","embeddable":true,"href":"https:\/\/www.messinaoggi.it\/website\/wp-json\/wp\/v2\/tags?post=126183"}],"curies":[{"name":"wp","href":"https:\/\/api.w.org\/{rel}","templated":true}]}}