{"id":126165,"date":"2022-10-18T10:07:52","date_gmt":"2022-10-18T08:07:52","guid":{"rendered":"https:\/\/www.messinaoggi.it\/website\/2022\/10\/18\/fi-berlusconi-ai-parlamentari-cattaneo-e-ronzulli-capigruppo\/"},"modified":"2022-10-18T10:48:55","modified_gmt":"2022-10-18T08:48:55","slug":"fi-berlusconi-ai-parlamentari-cattaneo-e-ronzulli-capigruppo","status":"publish","type":"post","link":"https:\/\/www.messinaoggi.it\/website\/2022\/10\/18\/fi-berlusconi-ai-parlamentari-cattaneo-e-ronzulli-capigruppo\/","title":{"rendered":"Fi, Berlusconi ai parlamentari \u201cCattaneo e Ronzulli capigruppo\u201d"},"content":{"rendered":"<div>ROMA (ITALPRESS) &#8211; &#8220;Per dare ancora pi\u00f9 forza ai nostri Gruppi, valorizzando le capacit\u00e0 e le risorse che abbiamo, la mia indicazione come nuovi capigruppo \u00e8 per l&#8217;onorevole Alessandro Cattaneo alla Camera dei deputati e per la senatrice Licia Ronzulli al Senato&#8221;. Cos\u00ec il leader di Forza Italia Silvio Berlusconi in una lettera a deputati e senatori del partito.<br \/>&#8220;Cari onorevoli deputati e senatori di Forza Italia &#8211; scrive Berlusconi nella lettera -, permettetemi di complimentarmi per la Vostra elezione e di ringraziarvi ancora per il contributo che avete dato alla nostra campagna elettorale. Sono sicuro che ancora una volta saprete dare il massimo nel lavoro parlamentare e che i nostri Gruppi si distingueranno per la capacit\u00e0 di lavoro e di proposte concrete per risolvere i tanti problemi della nostra Italia. Sono anche lieto che i nostri Gruppi siano, come \u00e8 capitato pi\u00f9 volte, connotati da una forte presenza di giovani e di signore&#8221;.<div id=\"div-gpt-ad-Messinaoggi.it-DSK-300x250-corpoart\" style=\"text-align:center;margin:0 auto;\"><\/div><\/p>\n<p>&#8211; foto Agenziafotogramma.it &#8211;<div id=\"videoincontent\" style=\"clear:both\";><\/div><\/p>\n<p>(ITALPRESS).<\/p><\/div>\n","protected":false},"excerpt":{"rendered":"<p>ROMA (ITALPRESS) &#8211; &#8220;Per dare ancora pi\u00f9 forza ai nostri Gruppi, valorizzando le capacit\u00e0 e le risorse che abbiamo, la mia indicazione come nuovi capigruppo \u00e8 per l&#8217;onorevole Alessandro Cattaneo alla Camera dei deputati e per la senatrice Licia Ronzulli al Senato&#8221;. Cos\u00ec il leader di Forza Italia Silvio Berlusconi in una lettera a deputati [&hellip;]<\/p>\n","protected":false},"author":18,"featured_media":126166,"comment_status":"closed","ping_status":"closed","sticky":false,"template":"","format":"standard","meta":{"ub_ctt_via":"","_mi_skip_tracking":false},"categories":[446,4],"tags":[783],"featured_image_src":"https:\/\/www.messinaoggi.it\/website\/wp-content\/uploads\/2022\/10\/20221018_0144.jpg","author_info":{"display_name":"Admin","author_link":"https:\/\/www.messinaoggi.it\/website\/author\/admin\/"},"digistream_id":0,"digistream":false,"_links":{"self":[{"href":"https:\/\/www.messinaoggi.it\/website\/wp-json\/wp\/v2\/posts\/126165"}],"collection":[{"href":"https:\/\/www.messinaoggi.it\/website\/wp-json\/wp\/v2\/posts"}],"about":[{"href":"https:\/\/www.messinaoggi.it\/website\/wp-json\/wp\/v2\/types\/post"}],"author":[{"embeddable":true,"href":"https:\/\/www.messinaoggi.it\/website\/wp-json\/wp\/v2\/users\/18"}],"replies":[{"embeddable":true,"href":"https:\/\/www.messinaoggi.it\/website\/wp-json\/wp\/v2\/comments?post=126165"}],"version-history":[{"count":1,"href":"https:\/\/www.messinaoggi.it\/website\/wp-json\/wp\/v2\/posts\/126165\/revisions"}],"predecessor-version":[{"id":126174,"href":"https:\/\/www.messinaoggi.it\/website\/wp-json\/wp\/v2\/posts\/126165\/revisions\/126174"}],"wp:featuredmedia":[{"embeddable":true,"href":"https:\/\/www.messinaoggi.it\/website\/wp-json\/wp\/v2\/media\/126166"}],"wp:attachment":[{"href":"https:\/\/www.messinaoggi.it\/website\/wp-json\/wp\/v2\/media?parent=126165"}],"wp:term":[{"taxonomy":"category","embeddable":true,"href":"https:\/\/www.messinaoggi.it\/website\/wp-json\/wp\/v2\/categories?post=126165"},{"taxonomy":"post_tag","embeddable":true,"href":"https:\/\/www.messinaoggi.it\/website\/wp-json\/wp\/v2\/tags?post=126165"}],"curies":[{"name":"wp","href":"https:\/\/api.w.org\/{rel}","templated":true}]}}