{"id":126163,"date":"2022-10-18T10:07:51","date_gmt":"2022-10-18T08:07:51","guid":{"rendered":"https:\/\/www.messinaoggi.it\/website\/2022\/10\/18\/calenda-letta-ormai-ha-scelto-i-5-stelle\/"},"modified":"2022-10-18T10:49:03","modified_gmt":"2022-10-18T08:49:03","slug":"calenda-letta-ormai-ha-scelto-i-5-stelle","status":"publish","type":"post","link":"https:\/\/www.messinaoggi.it\/website\/2022\/10\/18\/calenda-letta-ormai-ha-scelto-i-5-stelle\/","title":{"rendered":"Calenda \u201cLetta ormai ha scelto i 5 Stelle\u201d"},"content":{"rendered":"<div>ROMA (ITALPRESS) &#8211; &#8220;Se da qui a mercoled\u00ec non ci sono novit\u00e0 non parteciperemo al voto perch\u00e8 una delle opposizioni \u00e8 esclusa dall&#8217;accordo Pd -M5S, il che fa capire che sotto traccia un&#8217;intesa tra di loro su tutto c&#8217;\u00e8 gi\u00e0. I dem non avendo pi\u00f9 nessuna idea scelgono sulla base della consistenza elettorale. Dicono: i 5 Stelle hanno pi\u00f9 voti andiamo con loro. Fossero i nazisti dell&#8217;Illinois farebbero lo stesso&#8221;. Lo dice al Corriere della Sera il leader di Azione, Carlo Calenda, in merito alle vicepresidenze delle Camere.<br \/>&#8220;Letta non mi risponde. Non ho pi\u00f9 sentito n\u00e8 lui n\u00e8 nessuno del Pd quindi anche sulle Regionali non abbiamo nessuna intesa. In Lombardia le strutture locali stanno lavorando per vedere se c&#8217;\u00e8 lo spazio per un accordo ma nel Lazio non abbiamo notizie. Il Pd sta chiaramente puntando a rinsaldare i rapporti con il M5S e a escluderci&#8221;, prosegue.<br \/>&#8220;A livello nazionale non c&#8217;\u00e8 nessuna interlocuzione. A livello nazionale infatti il Pd ha gi\u00e0 scelto e ha scelto il M5S come testimonia l&#8217;accordo che hanno fatto per escluderci dalle vicepresidenze di Camera e Senato&#8221;, spiega Calenda.<div id=\"div-gpt-ad-Messinaoggi.it-DSK-300x250-corpoart\" style=\"text-align:center;margin:0 auto;\"><\/div><\/p>\n<p>&#8211; foto Agenziafotogramma.it &#8211;<div id=\"videoincontent\" style=\"clear:both\";><\/div><\/p>\n<p>(ITALPRESS).<\/p><\/div>\n","protected":false},"excerpt":{"rendered":"<p>ROMA (ITALPRESS) &#8211; &#8220;Se da qui a mercoled\u00ec non ci sono novit\u00e0 non parteciperemo al voto perch\u00e8 una delle opposizioni \u00e8 esclusa dall&#8217;accordo Pd -M5S, il che fa capire che sotto traccia un&#8217;intesa tra di loro su tutto c&#8217;\u00e8 gi\u00e0. I dem non avendo pi\u00f9 nessuna idea scelgono sulla base della consistenza elettorale. Dicono: i [&hellip;]<\/p>\n","protected":false},"author":18,"featured_media":126164,"comment_status":"closed","ping_status":"closed","sticky":false,"template":"","format":"standard","meta":{"ub_ctt_via":"","_mi_skip_tracking":false},"categories":[446,4],"tags":[783],"featured_image_src":"https:\/\/www.messinaoggi.it\/website\/wp-content\/uploads\/2022\/10\/20221018_0113.jpg","author_info":{"display_name":"Admin","author_link":"https:\/\/www.messinaoggi.it\/website\/author\/admin\/"},"digistream_id":0,"digistream":false,"_links":{"self":[{"href":"https:\/\/www.messinaoggi.it\/website\/wp-json\/wp\/v2\/posts\/126163"}],"collection":[{"href":"https:\/\/www.messinaoggi.it\/website\/wp-json\/wp\/v2\/posts"}],"about":[{"href":"https:\/\/www.messinaoggi.it\/website\/wp-json\/wp\/v2\/types\/post"}],"author":[{"embeddable":true,"href":"https:\/\/www.messinaoggi.it\/website\/wp-json\/wp\/v2\/users\/18"}],"replies":[{"embeddable":true,"href":"https:\/\/www.messinaoggi.it\/website\/wp-json\/wp\/v2\/comments?post=126163"}],"version-history":[{"count":1,"href":"https:\/\/www.messinaoggi.it\/website\/wp-json\/wp\/v2\/posts\/126163\/revisions"}],"predecessor-version":[{"id":126175,"href":"https:\/\/www.messinaoggi.it\/website\/wp-json\/wp\/v2\/posts\/126163\/revisions\/126175"}],"wp:featuredmedia":[{"embeddable":true,"href":"https:\/\/www.messinaoggi.it\/website\/wp-json\/wp\/v2\/media\/126164"}],"wp:attachment":[{"href":"https:\/\/www.messinaoggi.it\/website\/wp-json\/wp\/v2\/media?parent=126163"}],"wp:term":[{"taxonomy":"category","embeddable":true,"href":"https:\/\/www.messinaoggi.it\/website\/wp-json\/wp\/v2\/categories?post=126163"},{"taxonomy":"post_tag","embeddable":true,"href":"https:\/\/www.messinaoggi.it\/website\/wp-json\/wp\/v2\/tags?post=126163"}],"curies":[{"name":"wp","href":"https:\/\/api.w.org\/{rel}","templated":true}]}}