{"id":126142,"date":"2022-10-18T09:07:51","date_gmt":"2022-10-18T07:07:51","guid":{"rendered":"https:\/\/www.messinaoggi.it\/website\/2022\/10\/18\/governo-lollobrigida-siamo-in-dirittura-finale-per-laccordo\/"},"modified":"2022-10-18T09:56:59","modified_gmt":"2022-10-18T07:56:59","slug":"governo-lollobrigida-siamo-in-dirittura-finale-per-laccordo","status":"publish","type":"post","link":"https:\/\/www.messinaoggi.it\/website\/2022\/10\/18\/governo-lollobrigida-siamo-in-dirittura-finale-per-laccordo\/","title":{"rendered":"Governo, Lollobrigida \u201cSiamo in dirittura finale per l\u2019accordo\u201d"},"content":{"rendered":"<div>ROMA (ITALPRESS) &#8211; &#8220;Lo scontro, come lo definite, non \u00e8 stato tanto tra Meloni e Berlusconi, ma con una parte di Forza Italia, che anche a giudicare dagli atteggiamenti e dalle parole del Cavaliere, considererei minoritari&#8230;&#8221;. Cos\u00ec il deputato di Fratelli d&#8217;Italia Francesco Lollobrigida, in un&#8217;intervista al Corriere della Sera, in merito all&#8217;incontro chiarificatore tra i leader di Fdi e Forza Italia.<br \/>\n&#8220;Ovviamente per Giorgia \u00e8 una grande sfida quella di guidare il governo, ma lo \u00e8 anche per Berlusconi, il fondatore del centrodestra. Lui pu\u00f2 riconfermare l&#8217;importanza di Forza Italia in quel progetto che \u00e8 sempre stato il suo &#8211; spiega Lollobrigida -: unire forze liberali e conservatrici per il governo del Paese, che mai come oggi \u00e8 indispensabile per risollevare un Paese in sofferenza. In tantissimi ci hanno fatto arrivare la richiesta di non dividerci, di fare ci\u00f2 per cui ci hanno votato. Due leader come Meloni e Berlusconi non possono non rispondere ai richiami degli elettori&#8221;. Ieri &#8220;c&#8217;\u00e8 stato un chiarimento tra due persone che si conoscono da 20 anni, che hanno gi\u00e0 avuto screzi in passato e anche momenti difficili, ma che hanno sempre saputo ricucire sedendosi attorno a un tavolo &#8211; prosegue -. Ci sono state incomprensioni, \u00e8 chiaro. Ma sono appunto superabili: anche stavolta, gli avvoltoi che stavano girando attorno hanno dovuto cambiare preda&#8221;.<br \/>\nAlla domanda se l&#8217;accordo per il governo sia chiuso, l&#8217;esponente di Fdi risponde cos\u00ec: &#8220;Ci saranno altri incontri immagino, non credo fra i leader almeno non prima che il capo dello Stato aprir\u00e0 le consultazioni, dove andranno tutti insieme. Ma s\u00ec, siamo in dirittura finale&#8221;.<div id=\"div-gpt-ad-Messinaoggi.it-DSK-300x250-corpoart\" style=\"text-align:center;margin:0 auto;\"><\/div><\/p>\n<p>&#8211; foto Agenziafotogramma.it &#8211;<div id=\"videoincontent\" style=\"clear:both\";><\/div><\/p>\n<p>(ITALPRESS).<\/p><\/div>\n","protected":false},"excerpt":{"rendered":"<p>ROMA (ITALPRESS) &#8211; &#8220;Lo scontro, come lo definite, non \u00e8 stato tanto tra Meloni e Berlusconi, ma con una parte di Forza Italia, che anche a giudicare dagli atteggiamenti e dalle parole del Cavaliere, considererei minoritari&#8230;&#8221;. Cos\u00ec il deputato di Fratelli d&#8217;Italia Francesco Lollobrigida, in un&#8217;intervista al Corriere della Sera, in merito all&#8217;incontro chiarificatore tra [&hellip;]<\/p>\n","protected":false},"author":18,"featured_media":126143,"comment_status":"closed","ping_status":"closed","sticky":false,"template":"","format":"standard","meta":{"ub_ctt_via":"","_mi_skip_tracking":false},"categories":[446,4],"tags":[783],"featured_image_src":"https:\/\/www.messinaoggi.it\/website\/wp-content\/uploads\/2022\/10\/20221018_0083.jpg","author_info":{"display_name":"Admin","author_link":"https:\/\/www.messinaoggi.it\/website\/author\/admin\/"},"digistream_id":0,"digistream":false,"_links":{"self":[{"href":"https:\/\/www.messinaoggi.it\/website\/wp-json\/wp\/v2\/posts\/126142"}],"collection":[{"href":"https:\/\/www.messinaoggi.it\/website\/wp-json\/wp\/v2\/posts"}],"about":[{"href":"https:\/\/www.messinaoggi.it\/website\/wp-json\/wp\/v2\/types\/post"}],"author":[{"embeddable":true,"href":"https:\/\/www.messinaoggi.it\/website\/wp-json\/wp\/v2\/users\/18"}],"replies":[{"embeddable":true,"href":"https:\/\/www.messinaoggi.it\/website\/wp-json\/wp\/v2\/comments?post=126142"}],"version-history":[{"count":1,"href":"https:\/\/www.messinaoggi.it\/website\/wp-json\/wp\/v2\/posts\/126142\/revisions"}],"predecessor-version":[{"id":126159,"href":"https:\/\/www.messinaoggi.it\/website\/wp-json\/wp\/v2\/posts\/126142\/revisions\/126159"}],"wp:featuredmedia":[{"embeddable":true,"href":"https:\/\/www.messinaoggi.it\/website\/wp-json\/wp\/v2\/media\/126143"}],"wp:attachment":[{"href":"https:\/\/www.messinaoggi.it\/website\/wp-json\/wp\/v2\/media?parent=126142"}],"wp:term":[{"taxonomy":"category","embeddable":true,"href":"https:\/\/www.messinaoggi.it\/website\/wp-json\/wp\/v2\/categories?post=126142"},{"taxonomy":"post_tag","embeddable":true,"href":"https:\/\/www.messinaoggi.it\/website\/wp-json\/wp\/v2\/tags?post=126142"}],"curies":[{"name":"wp","href":"https:\/\/api.w.org\/{rel}","templated":true}]}}