{"id":126136,"date":"2022-10-18T00:07:54","date_gmt":"2022-10-17T22:07:54","guid":{"rendered":"https:\/\/www.messinaoggi.it\/website\/2022\/10\/17\/governo-cingolani-tempo-per-i-tecnici-credo-sia-finito\/"},"modified":"2022-10-18T09:24:04","modified_gmt":"2022-10-18T07:24:04","slug":"governo-cingolani-tempo-per-i-tecnici-credo-sia-finito","status":"publish","type":"post","link":"https:\/\/www.messinaoggi.it\/website\/2022\/10\/18\/governo-cingolani-tempo-per-i-tecnici-credo-sia-finito\/","title":{"rendered":"Governo, Cingolani \u201cTempo per i tecnici credo sia finito\u201d"},"content":{"rendered":"<div>ROMA (ITALPRESS) &#8211; &#8220;Sono contento di tornare a lavorare&#8221; nel mio ruolo, &#8220;c&#8217;\u00e8 stata una possibilit\u00e0&#8221; di restare al ministero. &#8220;In accordo con il premier ho garantito un periodo di supporto per la continuit\u00e0 perch\u00e8 ci sono dossier particolarmente tecnici ed \u00e8 importante che l&#8217;Italia si presenti nei contesti internazionali con una certa continuit\u00e0, poi il mio tempo \u00e8 esaurito. C&#8217;\u00e8 un tempo per i tecnici e uno per i politici, quello dei tecnici credo sia finito&#8221;. Cos\u00ec Roberto Cingolani, ministro uscente della Transizione ecologica, ospite a &#8216;Quarta Repubblic\u00e0 su Retequattro. &#8220;In questo momento gran parte degli Sati sono preoccupati per i costi dell&#8217;energia e alcuni sono disposti a pagare qualunque prezzo, ma questo porta a un problema perch\u00e8 fa venire meno la solidariet\u00e0. Bisogna trovare un compromesso fra 27 Stati, quindi bisogna essere molto onesti e non ideologici&#8221;, ha aggiunto.<br \/>(ITALPRESS).<br \/>-foto agenziafotogramma.it-<\/div>\n<div id=\"div-gpt-ad-Messinaoggi.it-DSK-300x250-corpoart\" style=\"text-align:center;margin:0 auto;\"><\/div><\/p><div id=\"videoincontent\" style=\"clear:both\";><\/div>","protected":false},"excerpt":{"rendered":"<p>ROMA (ITALPRESS) &#8211; &#8220;Sono contento di tornare a lavorare&#8221; nel mio ruolo, &#8220;c&#8217;\u00e8 stata una possibilit\u00e0&#8221; di restare al ministero. &#8220;In accordo con il premier ho garantito un periodo di supporto per la continuit\u00e0 perch\u00e8 ci sono dossier particolarmente tecnici ed \u00e8 importante che l&#8217;Italia si presenti nei contesti internazionali con una certa continuit\u00e0, poi [&hellip;]<\/p>\n","protected":false},"author":18,"featured_media":126137,"comment_status":"closed","ping_status":"closed","sticky":false,"template":"","format":"standard","meta":{"ub_ctt_via":"","_mi_skip_tracking":false},"categories":[446,4],"tags":[783],"featured_image_src":"https:\/\/www.messinaoggi.it\/website\/wp-content\/uploads\/2022\/10\/20221017_2307.jpg","author_info":{"display_name":"Admin","author_link":"https:\/\/www.messinaoggi.it\/website\/author\/admin\/"},"digistream_id":0,"digistream":false,"_links":{"self":[{"href":"https:\/\/www.messinaoggi.it\/website\/wp-json\/wp\/v2\/posts\/126136"}],"collection":[{"href":"https:\/\/www.messinaoggi.it\/website\/wp-json\/wp\/v2\/posts"}],"about":[{"href":"https:\/\/www.messinaoggi.it\/website\/wp-json\/wp\/v2\/types\/post"}],"author":[{"embeddable":true,"href":"https:\/\/www.messinaoggi.it\/website\/wp-json\/wp\/v2\/users\/18"}],"replies":[{"embeddable":true,"href":"https:\/\/www.messinaoggi.it\/website\/wp-json\/wp\/v2\/comments?post=126136"}],"version-history":[{"count":1,"href":"https:\/\/www.messinaoggi.it\/website\/wp-json\/wp\/v2\/posts\/126136\/revisions"}],"predecessor-version":[{"id":126146,"href":"https:\/\/www.messinaoggi.it\/website\/wp-json\/wp\/v2\/posts\/126136\/revisions\/126146"}],"wp:featuredmedia":[{"embeddable":true,"href":"https:\/\/www.messinaoggi.it\/website\/wp-json\/wp\/v2\/media\/126137"}],"wp:attachment":[{"href":"https:\/\/www.messinaoggi.it\/website\/wp-json\/wp\/v2\/media?parent=126136"}],"wp:term":[{"taxonomy":"category","embeddable":true,"href":"https:\/\/www.messinaoggi.it\/website\/wp-json\/wp\/v2\/categories?post=126136"},{"taxonomy":"post_tag","embeddable":true,"href":"https:\/\/www.messinaoggi.it\/website\/wp-json\/wp\/v2\/tags?post=126136"}],"curies":[{"name":"wp","href":"https:\/\/api.w.org\/{rel}","templated":true}]}}