{"id":126098,"date":"2022-10-17T20:07:52","date_gmt":"2022-10-17T18:07:52","guid":{"rendered":"https:\/\/www.messinaoggi.it\/website\/2022\/10\/17\/terna-incontra-i-comuni-per-lelettrodotto-montecorvino-benevento-iii\/"},"modified":"2022-10-17T20:07:52","modified_gmt":"2022-10-17T18:07:52","slug":"terna-incontra-i-comuni-per-lelettrodotto-montecorvino-benevento-iii","status":"publish","type":"post","link":"https:\/\/www.messinaoggi.it\/website\/2022\/10\/17\/terna-incontra-i-comuni-per-lelettrodotto-montecorvino-benevento-iii\/","title":{"rendered":"Terna incontra i Comuni per l\u2019elettrodotto \u201cMontecorvino-Benevento III\u201d"},"content":{"rendered":"<div>BENEVENTO (ITALPRESS) &#8211; Un nuovo elettrodotto di circa 90 km e 29 Comuni interessati tra le province di Avellino, Benevento e Salerno. Sono questi i numeri che Terna, la societ\u00e0 che gestisce la rete elettrica nazionale, ha presentato a Benevento, durante il primo di una serie di incontri previsti tra il 17 e il 20 ottobre con i comuni campani interessati dall&#8217;opera. <br \/>L&#8217;incontro, aperto cittadini, associazioni e amministrazioni locali, nasce con l&#8217;obiettivo di proseguire nel percorso di &#8220;progettazione partecipata e volontaria&#8221; con il territorio gi\u00e0 avviata nei mesi scorsi, in coordinamento con la Regione Campania e tutti gli enti coinvolti. <br \/>In particolare, i &#8220;Terna Incontra&#8221; saranno l&#8217;occasione per presentare i criteri attraverso i quali Terna individua e analizza le caratteristiche paesaggistiche, ambientali, urbanistiche e sociali del territorio in cui sorger\u00e0 l&#8217;opera garantendo la massima sostenibilit\u00e0 dell&#8217;intervento.<br \/>&#8220;Quest&#8217;opera \u00e8 strategica per la rete di trasmissione nazionale perch\u00e8 consentir\u00e0 di immettere in rete la produzione da fonti rinnovabili che proviene dal sud &#8211; ha dichiarato Chiara Pietraggi, responsabile Gestione processi autorizzativi Centro Sud Area Tirrenica di Terna, a margine dell&#8217;incontro -. In linea con l&#8217;approccio di Terna questa nuova esigenza di sviluppo \u00e8 stata presentata alla Regione e alle amministrazioni locali, anche e soprattutto ai fini della raccolta di indicazioni. Il nostro obiettivo \u00e8 quello di calare sul territorio un progetto che sia il pi\u00f9 sostenibile possibile, e per fare questo non possiamo non tenere conto delle esigenze espresse dai territori e da chi li abita&#8221;, ha concluso Pietraggi.<br \/>Il nuovo elettrodotto, lungo circa 90 km, sar\u00e0 realizzato seguendo in parte il tracciato della linea esistente e comunque assicurando il passaggio al di fuori dei centri urbani. Una volta entrato in esercizio, saranno demoliti circa 80 km di rete aerea esistente e, allo stesso tempo, saranno interrati oltre 60 km di linee aeree. <br \/>La realizzazione dell&#8217;opera favorir\u00e0 l&#8217;integrazione dell&#8217;energia rinnovabile prodotta dai numerosi impianti eolici e fotovoltaici presenti nelle province interessate, con benefici diretti per cittadini e imprese dell&#8217;area. In aggiunta, il nuovo collegamento potenzier\u00e0 la magliatura della rete regionale aumentandone la sicurezza e l&#8217;affidabilit\u00e0, contribuendo al raggiungimento degli obiettivi di efficienza e produttivit\u00e0 delineati dal Piano Nazionale Integrato per l&#8217;Energia e il Clima.<br \/>&#8220;Con Terna c&#8217;\u00e8 un rapporto di lunga durata, siamo gi\u00e0 alla seconda convenzione &#8211; ha detto Mario Pasquariello, assessore comunale ai Lavori pubblici a Benevento -. Abbiamo sempre incontrato la massima disponibilit\u00e0 rispetto alle esigenze dei territori. Infatti ci \u00e8 stato assicurato che saranno eliminati alcuni tratti delle vecchie linee e ci sar\u00e0 anche un ristoro compensativo. Inoltre abbiamo chiesto e ottenuto tutte le rassicurazioni necessarie per tutto ci\u00f2 che riguarda la sicurezza&#8221;, ha concluso l&#8217;assessore.<div id=\"div-gpt-ad-Messinaoggi.it-DSK-300x250-corpoart\" style=\"text-align:center;margin:0 auto;\"><\/div><\/p>\n<p>&#8211; foto ufficio stampa Terna &#8211;<div id=\"videoincontent\" style=\"clear:both\";><\/div><\/p>\n<p>(ITALPRESS).<\/p><\/div>\n","protected":false},"excerpt":{"rendered":"<p>BENEVENTO (ITALPRESS) &#8211; Un nuovo elettrodotto di circa 90 km e 29 Comuni interessati tra le province di Avellino, Benevento e Salerno. Sono questi i numeri che Terna, la societ\u00e0 che gestisce la rete elettrica nazionale, ha presentato a Benevento, durante il primo di una serie di incontri previsti tra il 17 e il 20 [&hellip;]<\/p>\n","protected":false},"author":18,"featured_media":126099,"comment_status":"closed","ping_status":"closed","sticky":false,"template":"","format":"standard","meta":{"ub_ctt_via":"","_mi_skip_tracking":false},"categories":[446],"tags":[783],"featured_image_src":"https:\/\/www.messinaoggi.it\/website\/wp-content\/uploads\/2022\/10\/20221017_2079.jpg","author_info":{"display_name":"Admin","author_link":"https:\/\/www.messinaoggi.it\/website\/author\/admin\/"},"digistream_id":0,"digistream":false,"_links":{"self":[{"href":"https:\/\/www.messinaoggi.it\/website\/wp-json\/wp\/v2\/posts\/126098"}],"collection":[{"href":"https:\/\/www.messinaoggi.it\/website\/wp-json\/wp\/v2\/posts"}],"about":[{"href":"https:\/\/www.messinaoggi.it\/website\/wp-json\/wp\/v2\/types\/post"}],"author":[{"embeddable":true,"href":"https:\/\/www.messinaoggi.it\/website\/wp-json\/wp\/v2\/users\/18"}],"replies":[{"embeddable":true,"href":"https:\/\/www.messinaoggi.it\/website\/wp-json\/wp\/v2\/comments?post=126098"}],"version-history":[{"count":0,"href":"https:\/\/www.messinaoggi.it\/website\/wp-json\/wp\/v2\/posts\/126098\/revisions"}],"wp:featuredmedia":[{"embeddable":true,"href":"https:\/\/www.messinaoggi.it\/website\/wp-json\/wp\/v2\/media\/126099"}],"wp:attachment":[{"href":"https:\/\/www.messinaoggi.it\/website\/wp-json\/wp\/v2\/media?parent=126098"}],"wp:term":[{"taxonomy":"category","embeddable":true,"href":"https:\/\/www.messinaoggi.it\/website\/wp-json\/wp\/v2\/categories?post=126098"},{"taxonomy":"post_tag","embeddable":true,"href":"https:\/\/www.messinaoggi.it\/website\/wp-json\/wp\/v2\/tags?post=126098"}],"curies":[{"name":"wp","href":"https:\/\/api.w.org\/{rel}","templated":true}]}}