{"id":12607,"date":"2017-12-06T20:23:57","date_gmt":"2017-12-06T19:23:57","guid":{"rendered":"http:\/\/www.messinaoggi.it\/website\/?p=12607"},"modified":"2017-12-06T20:23:57","modified_gmt":"2017-12-06T19:23:57","slug":"taormina-avviato-il-piano-anti-freddo-nelle-scuole","status":"publish","type":"post","link":"https:\/\/www.messinaoggi.it\/website\/2017\/12\/06\/taormina-avviato-il-piano-anti-freddo-nelle-scuole\/","title":{"rendered":"Taormina: avviato il piano anti-freddo nelle scuole"},"content":{"rendered":"<p>Il Comune mette in atto il piano anti-freddo nelle scuole dell&#8217;Istituto comprensivo di Taormina. Erano da giorni che i genitori si trovavano sul piede di guerra perch\u00e9 con le temperature che sono scese anche fino a cinque gradi in alcuni edifici scolastici non venivano accesi i termosifoni.<br \/>\nIl risultato \u00e8 stato che molti bimbi, specialmente a Trappitello, sono stati costretti a rimanere in classe con berretto e sciarpa per ripararsi da freddo. Adesso la Giunta della localit\u00e0 che ha ospitato il G7, su proposta dell&#8217;assessore, Pina Raneri, ha effettuato un impegno di spesa da 5mila euro per l&#8217;acquisto del gasolio di tutte le scuole. In ogni caso, per superare l&#8217;emergenza freddo in attesa di espletare le necessarie procedure \u00e8 stato acquistato anche un piccolo quantitativo di gasolio.<br \/>\nIl carburante \u00e8 stato messo a disposizione del plesso dell&#8217;Elementare e Materna del complesso di via Santa Filomena. L&#8217;arrivo del carburante \u00e8 stato accolto con soddisfazione da parte della popolazione scolastica locale e dei genitori. Si \u00e8, personalmente, interessato della questione, pure il sindaco, Eligio Giardina, per sollecitare gli uffici all&#8217;acquisto del gasolio. Adesso si spera che il primo cittadino possa proseguire la sua azione avviando la procedura di allaccio al metano della caldaia del complesso che ha anche necessit\u00e0 di manutenzione. Si tratta di una procedura fattibile in poco tempo visto che l&#8217;allaccio \u00e8 gi\u00e0 predisposto.<br \/>\nMauro Romano<div id=\"div-gpt-ad-Messinaoggi.it-DSK-300x250-corpoart\" style=\"text-align:center;margin:0 auto;\"><\/div><\/p>\n<div id=\"videoincontent\" style=\"clear:both\";><\/div>","protected":false},"excerpt":{"rendered":"<p>Il Comune mette in atto il piano anti-freddo nelle scuole dell&#8217;Istituto comprensivo di Taormina. Erano da giorni che i genitori si trovavano sul piede di guerra perch\u00e9 con le temperature che sono scese anche fino a cinque gradi in alcuni edifici scolastici non venivano accesi i termosifoni. Il risultato \u00e8 stato che molti bimbi, specialmente [&hellip;]<\/p>\n","protected":false},"author":2,"featured_media":12608,"comment_status":"closed","ping_status":"open","sticky":false,"template":"","format":"standard","meta":{"ub_ctt_via":"","_mi_skip_tracking":false},"categories":[3],"tags":[],"featured_image_src":"https:\/\/www.messinaoggi.it\/website\/wp-content\/uploads\/2017\/12\/IMG-20171206-WA0013.jpg","author_info":{"display_name":"Redazione","author_link":"https:\/\/www.messinaoggi.it\/website\/author\/redazione\/"},"digistream_id":0,"digistream":false,"_links":{"self":[{"href":"https:\/\/www.messinaoggi.it\/website\/wp-json\/wp\/v2\/posts\/12607"}],"collection":[{"href":"https:\/\/www.messinaoggi.it\/website\/wp-json\/wp\/v2\/posts"}],"about":[{"href":"https:\/\/www.messinaoggi.it\/website\/wp-json\/wp\/v2\/types\/post"}],"author":[{"embeddable":true,"href":"https:\/\/www.messinaoggi.it\/website\/wp-json\/wp\/v2\/users\/2"}],"replies":[{"embeddable":true,"href":"https:\/\/www.messinaoggi.it\/website\/wp-json\/wp\/v2\/comments?post=12607"}],"version-history":[{"count":0,"href":"https:\/\/www.messinaoggi.it\/website\/wp-json\/wp\/v2\/posts\/12607\/revisions"}],"wp:featuredmedia":[{"embeddable":true,"href":"https:\/\/www.messinaoggi.it\/website\/wp-json\/wp\/v2\/media\/12608"}],"wp:attachment":[{"href":"https:\/\/www.messinaoggi.it\/website\/wp-json\/wp\/v2\/media?parent=12607"}],"wp:term":[{"taxonomy":"category","embeddable":true,"href":"https:\/\/www.messinaoggi.it\/website\/wp-json\/wp\/v2\/categories?post=12607"},{"taxonomy":"post_tag","embeddable":true,"href":"https:\/\/www.messinaoggi.it\/website\/wp-json\/wp\/v2\/tags?post=12607"}],"curies":[{"name":"wp","href":"https:\/\/api.w.org\/{rel}","templated":true}]}}