{"id":126053,"date":"2022-10-17T16:07:52","date_gmt":"2022-10-17T14:07:52","guid":{"rendered":"https:\/\/www.messinaoggi.it\/website\/2022\/10\/17\/on-line-il-primo-catalogo-ragionato-delle-opere-di-giacomo-manzu\/"},"modified":"2022-10-17T16:07:52","modified_gmt":"2022-10-17T14:07:52","slug":"on-line-il-primo-catalogo-ragionato-delle-opere-di-giacomo-manzu","status":"publish","type":"post","link":"https:\/\/www.messinaoggi.it\/website\/2022\/10\/17\/on-line-il-primo-catalogo-ragionato-delle-opere-di-giacomo-manzu\/","title":{"rendered":"On line il primo catalogo ragionato delle opere di Giacomo Manz\u00f9"},"content":{"rendered":"<div>BERGAMO (ITALPRESS) &#8211; Nasce il primo catalogo digitale ragionato dedicato alla produzione artistica di Giacomo Manz\u00f9, porta d&#8217;accesso virtuale ad uno dei principali protagonisti della scultura italiana del Novecento. E&#8217; il principale frutto di un ampio progetto di valorizzazione dell&#8217;opera dell&#8217;artista bergamasco nato dalla stretta collaborazione tra Fondazione Giacomo Manz\u00f9 &#8211; costituita nel 2008 per volont\u00e0 della vedova Ingeborg Katharina Schabel e di cui fanno parte i figli dell&#8217;artista, Giulia e Mileto Manzoni &#8211; e Fondazione Banca Popolare di Bergamo: la sinergia ha coinvolto l&#8217;Universit\u00e0 degli studi di Bergamo e l&#8217;Universit\u00e0 degli Studi Roma Tre con l&#8217;obiettivo di promuovere la figura e l&#8217;opera del noto scultore attraverso percorsi e progetti scientifici e didattici.<br \/>Il lavoro di creazione di un catalogo online &#8211; tipologia molto diffusa all&#8217;estero, ma di scarsa attenzione in ambito italiano &#8211; permetter\u00e0 di riordinare per la prima volta in un unico luogo virtuale la vasta produzione di Giacomo Manz\u00f9, e aprir\u00e0 cos\u00ec la strada ad ulteriori ricerche e approfondimenti sull&#8217;arte dello scultore e sulle influenze reciproche con l&#8217;ambiente artistico italiano del Novecento.<br \/>Il progetto della costruzione di uno strumento digitale dedicato a Giacomo Manzoni, detto Manz\u00f9 dal dialetto bergamasco (Bergamo 1908 &#8211; Aprilia 1991), ha preso il via nel gennaio 2022 con l&#8217;obiettivo di restituire una mappatura completa delle opere dell&#8217;artista, conservate nei musei pubblici e nelle collezioni private distribuite nel mondo. Il catalogo ne raccoglie, al momento, oltre 300: ognuna \u00e8 corredata da una o pi\u00f9 fotografie, eseguite in epoche differenti e da differenti autori, cos\u00ec da poter seguire anche la fortuna visiva di una stessa opera.<br \/>Il catalogo, che nelle prossime settimane sar\u00e0 consultabile online gratuitamente, si rivolge alla comunit\u00e0 scientifica, ai collezionisti, ma anche al grande pubblico: un software dedicato rende estremamente facile ed intuitiva la consultazione e la ricerca delle opere ordinate in sequenza cronologica, ed offre anche un&#8217;ampia possibilit\u00e0 di incrocio e di comparazione dei dati legati ad esposizioni, aste, citazioni bibliografiche. <br \/>Si tratta di un lavoro in fieri, uno strumento pensato per essere progressivamente arricchito con l&#8217;identificazione delle nuove opere della vasta produzione dell&#8217;artista che nel tempo saranno attribuite all&#8217;autore. Le opere di uno scultore quasi sempre prevedono, infatti, varianti significative, esemplari diversi di una stessa opera, ad esempio diverse fusioni nel caso dei bronzi, di cui si pu\u00f2 venire a conoscenza nel corso del tempo. In questo caso la tecnologia consente quell&#8217;aggiornamento che il tradizionale catalogo cartaceo esclude, e che lo rende obsoleto a fronte di nuove acquisizioni o scoperte sulla produzione dell&#8217;artista.<br \/>Per questa prima fase, che comprende l&#8217;attivit\u00e0 di Manz\u00f9 dal 1927 al 1947, curatrice del catalogo &#8211; con la consulenza scientifica della storica dell&#8217;arte Barbara Cinelli &#8211; \u00e8 Caterina Caputo, storica dell&#8217;arte, il cui lavoro \u00e8 stato sostenuto da Fondazione Giacomo Manz\u00f9 e Fondazione Banca Popolare di Bergamo attraverso l&#8217;istituzione di una borsa di ricerca finalizzata in modo specifico all&#8217;iniziale inventariazione delle opere e alla digitalizzazione della relativa documentazione fotografica conservata nell&#8217;Archivio della Fondazione Manz\u00f9. <br \/>Responsabili dell&#8217;infrastruttura informatica del nuovo catalogo online sono gli sviluppatori Giuseppe Falco, Nicola Gnecchi e Michele Mazzali; responsabili della progettazione Erica Bernardi, Alessandro Botta e Luca Pietro Nicoletti con una iniziale collaborazione di Chiara Fabi. <br \/>La ricerca scientifica rappresenta un tassello fondamentale dell&#8217;articolato lavoro di valorizzazione dell&#8217;eredit\u00e0 culturale del Manz\u00f9 sostenuto dalle due Fondazioni, e di cui sono protagoniste le due Universit\u00e0 grazie all&#8217;attivazione di un accordo di programma gestito da un comitato tecnico-scientifico ad hoc. Il comitato, coordinato da Barbara Cinelli, \u00e8 composto da Laura Iamurri (storica dell&#8217;arte, per l&#8217;Universit\u00e0 di Roma Tre), Sara Damiani (critica dell&#8217;arte, per l&#8217;Universit\u00e0 degli studi Bergamo), Simone Facchinetti (storico dell&#8217;arte, per Fondazione Banca Popolare di Bergamo) e Marco Roncalli (saggista e studioso della figura e dell&#8217;opera di Manz\u00f9).<br \/>Una collaborazione, questa, che si concretizza in diverse proposte che prevedono l&#8217;arricchimento dell&#8217;offerta formativa degli studenti, l&#8217;integrazione dell&#8217;educazione umanistica e scientifica dei ricercatori in storia dell&#8217;arte, informatica e archivistica, ma anche specifiche attivit\u00e0 culturali e di promozione dedicate a Giacomo Manz\u00f9 e alla scultura del Novecento: conferenze, convegni, seminari di formazione, esposizioni e pubblicazioni, progetti multimediali di qualit\u00e0, documentari e audiovisivi rivolti anche ad un pubblico non specialistico.<br \/>Un primo affondo sul ricchissimo patrimonio fotografico dedicato alla vita e alle opere di Giacomo Manz\u00f9 \u00e8 rappresentato dal libro di fotografie &#8216;Sulle tracce di Manz\u00f9 &#8211; Indizi per una biografia (1927-1977)&#8217;, di Barbara Cinelli (Officina Libraria, 2022).<br \/>Il libro &#8211; dal 18 ottobre in libreria &#8211; documenta gli anni dal 1927 al 1977, con una sequenza di fotografie inedite o poco note che provengono dal prezioso Archivio conservato alla Fondazione Giacomo Manz\u00f9 ad Ardea &#8211; ad oggi non ancora inventariato sistematicamente nelle sue sezioni: la biblioteca (dell&#8217;artista e sull&#8217;artista), la corrispondenza, la fototeca. Tali immagini rappresentano, per espressa volont\u00e0 dei promotori, gli indizi privilegiati per conoscere, pi\u00f9 di quanto sia stato fatto finora, il contributo che Giacomo Manz\u00f9 ha dato all&#8217;arte contemporanea, e l&#8217;avvio di un percorso per la stesura di una biografia completa dell&#8217;artista bergamasco.<br \/>&#8216;Per Giacomo Manz\u00f9 l&#8217;atelier di Ardea non era un semplice spazio di lavoro: rappresentava il luogo sacro della propria arte, il luogo della fantasia libera e creatrice &#8211; ha detto Giulia Manzoni, presidente Fondazione Giacomo Manz\u00f9 -. Nessuno ne possedeva le chiavi, nessuno poteva entrare senza il suo permesso ad eccezione dei suoi pi\u00f9 stretti collaboratori. Quanti capolavori sono usciti da quello studio! Nel 2008, dopo la morte di mio padre, nasceva nell&#8217;atelier di Ardea la Fondazione Giacomo Manz\u00f9, con la missione di tutelarne l&#8217;eredit\u00e0 artistica. Al nostro impegno mancava per\u00f2 un sostegno fondamentale: un catalogo ragionato, strumento indispensabile per far conoscere il suo lavoro. Quando un caso fortuito ha fatto incrociare la mia strada con quella della Fondazione Banca Popolare di Bergamo, ho avuto subito la sensazione che avevo finalmente trovato il partner ideale: \u00e8 cos\u00ec partito il progetto del catalogo ragionato online, il cui asse portante \u00e8 costituito dai carteggi, documenti, ritagli di giornali e fotografie che riguardano la produzione artistica di mio padre, un autentico tesoro conservato dalla Fondazion\u00e8.<br \/>&#8216;Il catalogo online che presentiamo oggi \u00e8 un progetto in fieri &#8211; ha sottolineato Barbara Cinelli, presidente Comitato tecnico-scientifico -. Abbiamo avviato un&#8217;operazione inedita, lunga e delicata: la prima fase dei lavori ha trasferito online, per il periodo che va dal 1927 al 1947, le schede identificative di 300 opere e delle relative fotografie, conservate nell&#8217;Archivio della Fondazione di Ardea. Queste schede sono relative sia ad opere delle quali conosciamo la collocazione, che ad opere la cui attuale ubicazione non \u00e8 ancora individuata ma delle quali la Fondazione possiede documentazione utile a proseguire le ricerche. Il censimento completo della produzione di Giacomo Manz\u00f9 \u00e8 un obiettivo ambizioso perch\u00e8 \u00e8 necessario tenere conto anche di opere che potrebbero essere conservate in collezioni pubbliche e private, nazionali e internazionali, senza alcuna segnalazione nell&#8217;archivio della Fondazione. Quella che stiamo percorrendo \u00e8 quindi una strada quanto mai aperta, nel senso pi\u00f9 positivo del termine, che porter\u00e0 non solo ad una sistematizzazione ma anche ad un arricchimento delle nostre conoscenze su Giovanni Manz\u00f9: un lavoro meticoloso ma necessario, per restituire allo scultore il posto di primo piano che merita all&#8217;interno del panorama artistico del Novecent\u00f2.<br \/>&#8216;Fondazione Banca Popolare di Bergamo promuove fin dalla sua nascita progetti di alto profilo scientifico nel panorama della cultura italiana &#8211; ha evidenziato Armando Santus, presidente Fondazione Banca Popolare di Bergamo -. Tra questi vi \u00e8 sicuramente quello dedicato a Giacomo Manz\u00f9, del cui valore &#8211; non ancora pienamente riconosciuto nello scenario dell&#8217;arte novecentesca &#8211; siamo profondamente consapevoli, un&#8217;iniziativa promossa con il sostegno di Intesa Sanpaolo, con Fondazione Manz\u00f9, Universit\u00e0 degli studi di Bergamo e Universit\u00e0 degli Studi Roma Tre.  Viste le origini bergamasche del grande scultore, non potevamo non rendere questa iniziativa uno dei contributi principali di Fondazione Banca Popolare di Bergamo al grande progetto di Bergamo Brescia Capitale della Cultura 2023&#8217;. <br \/>&#8216;La scelta di un catalogo online &#8211; ha aggiunto &#8211; \u00e8 stata guidata soprattutto dalla dispersione delle opere del Manz\u00f9, non tutte identificabili allo stato attuale della ricerca, e dall&#8217;esistenza di versioni differenti di una stessa scultura. A fronte di questa situazione, la staticit\u00e0 di un tradizionale catalogo a stampa avrebbe comportato la rapida obsolescenza delle informazioni, mentre la possibilit\u00e0 di implementare un database in costante aggiornamento offre un reale contributo alla conoscenza e alla ricerca. Il catalogo sar\u00e0 cos\u00ec uno strumento prezioso non solo per gli studiosi e i collezionisti del Manz\u00f9 ma anche per gli appassionati della storia della scultura del XX secol\u00f2.<br \/>&#8216;L&#8217;Universit\u00e0 degli studi di Bergamo sta sviluppando un percorso di valorizzazione della persona e dell&#8217;opera di Giacomo Manz\u00f9 da tempo, interagendo anche con le istituzioni cittadine e del territorio &#8211; ha evidenziato Sergio Cavalieri, Rettore Universit\u00e0 degli studi di Bergamo -: nel 2018, grazie alla collaborazione con il Comune di Bergamo, l&#8217;Accademia Carrara e la GAMeC, \u00e8 stata collocata la scultura Giulia e Mileto in carrozza nel piazzale della nostra sede via Pignolo; nel 2020 \u00e8 stato pubblicato un volume con studi specificamente dedicati alla presenza dell&#8217;artista nel nostro territorio; l&#8217;anno scorso abbiamo organizzato un convegno a Clusone, a cui ha partecipato anche la figlia Giulia Manzoni; inoltre, l&#8217;Ateneo ha messo a disposizione un assegno di ricerca per indagare prospettive poco esplorate, come lo studio dei diversi materiali impiegati da Manz\u00f9 nelle sue realizzazioni. Quindi l&#8217;adesione al progetto di creazione di un catalogo ragionato online delle opere di Manz\u00f9 e la stipula di un accordo quadro con la Fondazione Manz\u00f9, la Fondazione Banca Popolare di Bergamo e l&#8217;Universit\u00e0 Roma Tre \u00e8 stata una cosa pressoch\u00e8 &#8216;natural\u00e8 per noi, cos\u00ec come abbiamo subito sostenuto con entusiasmo e impegno l&#8217;idea condivisa di promuovere tutta una serie di nuove attivit\u00e0 culturali dedicate al grande Maestro. Il nostro obiettivo \u00e8 quello di &#8216;fare ret\u00e8, coinvolgendo i nostri studenti, i cittadini, gli studiosi locali, i centri di ricerca nazionali e internazionali nel progetto sicuramente complesso, ma altrettanto stimolante e necessario, della (ri)scoperta di Giacomo Manz\u00f9&#8217;.<br \/>&#8216;L&#8217;Universit\u00e0 Roma Tre \u00e8 lieta di partecipare al progetto di valorizzazione dell&#8217;opera dello scultore Giacomo Manz\u00f9 promosso dalla Fondazione Giacomo Manz\u00f9 con il sostegno della Fondazione Banca Popolare di Bergamo e in collaborazione con l&#8217;Universit\u00e0 di Bergamo &#8211; sono le parole di Massimiliano Fiorucci, rettore Universit\u00e0 degli Studi di Roma Tre -. Questo progetto, che vede nella realizzazione del catalogo ragionato un obiettivo e al tempo stesso uno strumento di conoscenza e di studio necessario, appare come un&#8217;occasione esemplare di combinazione tra ricerca scientifica di alto profilo e ampia condivisione dei suoi esiti. Non solo dal punto di vista specificamente storico-artistico, ma anche da un punto di vista metodologico e della pi\u00f9 vasta ricaduta su un pubblico non specialistico, questo progetto si configura come un&#8217;opportunit\u00e0 importante per tutti gli attori in gioco. Esso, infatti, dimostra nel modo migliore come la collaborazione tra universit\u00e0 e fondazioni possa dare ottimi frutti, capaci non solo di contribuire alla storia dell&#8217;arte del XX secolo, ma pi\u00f9 in generale di arricchire la cultura del nostro paes\u00e8. <div id=\"div-gpt-ad-Messinaoggi.it-DSK-300x250-corpoart\" style=\"text-align:center;margin:0 auto;\"><\/div><\/p>\n<p>&#8211; foto Italpress &#8211;<br \/>(ITALPRESS).<\/div>\n<div id=\"videoincontent\" style=\"clear:both\";><\/div>","protected":false},"excerpt":{"rendered":"<p>BERGAMO (ITALPRESS) &#8211; Nasce il primo catalogo digitale ragionato dedicato alla produzione artistica di Giacomo Manz\u00f9, porta d&#8217;accesso virtuale ad uno dei principali protagonisti della scultura italiana del Novecento. E&#8217; il principale frutto di un ampio progetto di valorizzazione dell&#8217;opera dell&#8217;artista bergamasco nato dalla stretta collaborazione tra Fondazione Giacomo Manz\u00f9 &#8211; costituita nel 2008 per [&hellip;]<\/p>\n","protected":false},"author":18,"featured_media":126054,"comment_status":"closed","ping_status":"closed","sticky":false,"template":"","format":"standard","meta":{"ub_ctt_via":"","_mi_skip_tracking":false},"categories":[446],"tags":[783],"featured_image_src":"https:\/\/www.messinaoggi.it\/website\/wp-content\/uploads\/2022\/10\/20221017_1249.jpg","author_info":{"display_name":"Admin","author_link":"https:\/\/www.messinaoggi.it\/website\/author\/admin\/"},"digistream_id":0,"digistream":false,"_links":{"self":[{"href":"https:\/\/www.messinaoggi.it\/website\/wp-json\/wp\/v2\/posts\/126053"}],"collection":[{"href":"https:\/\/www.messinaoggi.it\/website\/wp-json\/wp\/v2\/posts"}],"about":[{"href":"https:\/\/www.messinaoggi.it\/website\/wp-json\/wp\/v2\/types\/post"}],"author":[{"embeddable":true,"href":"https:\/\/www.messinaoggi.it\/website\/wp-json\/wp\/v2\/users\/18"}],"replies":[{"embeddable":true,"href":"https:\/\/www.messinaoggi.it\/website\/wp-json\/wp\/v2\/comments?post=126053"}],"version-history":[{"count":0,"href":"https:\/\/www.messinaoggi.it\/website\/wp-json\/wp\/v2\/posts\/126053\/revisions"}],"wp:featuredmedia":[{"embeddable":true,"href":"https:\/\/www.messinaoggi.it\/website\/wp-json\/wp\/v2\/media\/126054"}],"wp:attachment":[{"href":"https:\/\/www.messinaoggi.it\/website\/wp-json\/wp\/v2\/media?parent=126053"}],"wp:term":[{"taxonomy":"category","embeddable":true,"href":"https:\/\/www.messinaoggi.it\/website\/wp-json\/wp\/v2\/categories?post=126053"},{"taxonomy":"post_tag","embeddable":true,"href":"https:\/\/www.messinaoggi.it\/website\/wp-json\/wp\/v2\/tags?post=126053"}],"curies":[{"name":"wp","href":"https:\/\/api.w.org\/{rel}","templated":true}]}}