{"id":126043,"date":"2022-10-17T15:07:52","date_gmt":"2022-10-17T13:07:52","guid":{"rendered":"https:\/\/www.messinaoggi.it\/website\/2022\/10\/17\/ucraina-dallue-nuove-misure-di-assistenza-militare\/"},"modified":"2022-10-17T15:07:52","modified_gmt":"2022-10-17T13:07:52","slug":"ucraina-dallue-nuove-misure-di-assistenza-militare","status":"publish","type":"post","link":"https:\/\/www.messinaoggi.it\/website\/2022\/10\/17\/ucraina-dallue-nuove-misure-di-assistenza-militare\/","title":{"rendered":"Ucraina, dall\u2019Ue nuove misure di assistenza militare"},"content":{"rendered":"<div>BRUXELLES (ITALPRESS) &#8211; Il Consiglio europeo ha adottato oggi misure di assistenza supplementari &#8220;a titolo dello strumento europeo per la pace (EPF) tese a sostenere ulteriormente le capacit\u00e0 e la resilienza delle forze armate ucraine&#8221;. In questo modo l&#8217;UE aumenta ancor pi\u00f9 il sostegno che fornisce all&#8217;Ucraina per la difesa della sovranit\u00e0 e dell&#8217;integrit\u00e0 territoriale entro i confini del paese riconosciuti a livello internazionale e per la protezione della popolazione civile dalla guerra russa di aggressione in corso.<br \/>Con questa sesta tranche, del valore di 500 milioni, il contributo totale dell&#8217;UE a titolo dell&#8217;EPF a favore dell&#8217;Ucraina arriva a 3,1 miliardi.<br \/>La portata delle attrezzature da fornire nell&#8217;ambito del nuovo pacchetto di sostegno \u00e8 in linea con le attuali priorit\u00e0 formulate dal governo ucraino. In questo contesto, le misure di assistenza comprendono 490 milioni di EUR per attrezzature militari concepite per l&#8217;uso letale della forza a fini difensivi e 10 milioni di EUR destinati a coprire l&#8217;invio di attrezzature e forniture, quali dispositivi di protezione individuale, kit di pronto soccorso e carburante. Inoltre, entrambe le misure di assistenza consentiranno anche la fornitura di servizi di manutenzione e riparazione delle attrezzature militari gi\u00e0 donate dagli Stati membri dell&#8217;UE all&#8217;Ucraina a titolo dell&#8217;EPF.<br \/>Josep Borrell, alto rappresentante per gli affari esteri e la politica di sicurezza, afferma: &#8220;La mobilitazione di 500 milioni di EUR aggiuntivi da parte degli Stati membri dell&#8217;UE \u00e8 un&#8217;ulteriore dimostrazione che continuiamo a sostenere con fermezza le forze armate ucraine nella difesa del paese dall&#8217;escalation dell&#8217;aggressione illegale. I pi\u00f9 recenti attacchi indiscriminati della Russia a danno di civili e di infrastrutture civili in Ucraina sono un&#8217;ulteriore prova della totale inosservanza dei diritti umani e del diritto internazionale da parte della Russia. L&#8217;UE continuer\u00e0 a sostenere l&#8217;Ucraina per tutto il tempo necessario&#8221;.<br \/>-foto agenziafotogramma.it-<br \/>(ITALPRESS).<\/div>\n<div id=\"div-gpt-ad-Messinaoggi.it-DSK-300x250-corpoart\" style=\"text-align:center;margin:0 auto;\"><\/div><\/p><div id=\"videoincontent\" style=\"clear:both\";><\/div>","protected":false},"excerpt":{"rendered":"<p>BRUXELLES (ITALPRESS) &#8211; Il Consiglio europeo ha adottato oggi misure di assistenza supplementari &#8220;a titolo dello strumento europeo per la pace (EPF) tese a sostenere ulteriormente le capacit\u00e0 e la resilienza delle forze armate ucraine&#8221;. In questo modo l&#8217;UE aumenta ancor pi\u00f9 il sostegno che fornisce all&#8217;Ucraina per la difesa della sovranit\u00e0 e dell&#8217;integrit\u00e0 territoriale [&hellip;]<\/p>\n","protected":false},"author":18,"featured_media":126044,"comment_status":"closed","ping_status":"closed","sticky":false,"template":"","format":"standard","meta":{"ub_ctt_via":"","_mi_skip_tracking":false},"categories":[446],"tags":[783],"featured_image_src":"https:\/\/www.messinaoggi.it\/website\/wp-content\/uploads\/2022\/10\/20221017_0747.jpg","author_info":{"display_name":"Admin","author_link":"https:\/\/www.messinaoggi.it\/website\/author\/admin\/"},"digistream_id":0,"digistream":false,"_links":{"self":[{"href":"https:\/\/www.messinaoggi.it\/website\/wp-json\/wp\/v2\/posts\/126043"}],"collection":[{"href":"https:\/\/www.messinaoggi.it\/website\/wp-json\/wp\/v2\/posts"}],"about":[{"href":"https:\/\/www.messinaoggi.it\/website\/wp-json\/wp\/v2\/types\/post"}],"author":[{"embeddable":true,"href":"https:\/\/www.messinaoggi.it\/website\/wp-json\/wp\/v2\/users\/18"}],"replies":[{"embeddable":true,"href":"https:\/\/www.messinaoggi.it\/website\/wp-json\/wp\/v2\/comments?post=126043"}],"version-history":[{"count":0,"href":"https:\/\/www.messinaoggi.it\/website\/wp-json\/wp\/v2\/posts\/126043\/revisions"}],"wp:featuredmedia":[{"embeddable":true,"href":"https:\/\/www.messinaoggi.it\/website\/wp-json\/wp\/v2\/media\/126044"}],"wp:attachment":[{"href":"https:\/\/www.messinaoggi.it\/website\/wp-json\/wp\/v2\/media?parent=126043"}],"wp:term":[{"taxonomy":"category","embeddable":true,"href":"https:\/\/www.messinaoggi.it\/website\/wp-json\/wp\/v2\/categories?post=126043"},{"taxonomy":"post_tag","embeddable":true,"href":"https:\/\/www.messinaoggi.it\/website\/wp-json\/wp\/v2\/tags?post=126043"}],"curies":[{"name":"wp","href":"https:\/\/api.w.org\/{rel}","templated":true}]}}