{"id":126009,"date":"2022-10-17T10:07:51","date_gmt":"2022-10-17T08:07:51","guid":{"rendered":"https:\/\/www.messinaoggi.it\/website\/2022\/10\/17\/kiev-sotto-attacco-zelensky-il-terrore-russo-non-ci-distruggera\/"},"modified":"2022-10-17T10:07:51","modified_gmt":"2022-10-17T08:07:51","slug":"kiev-sotto-attacco-zelensky-il-terrore-russo-non-ci-distruggera","status":"publish","type":"post","link":"https:\/\/www.messinaoggi.it\/website\/2022\/10\/17\/kiev-sotto-attacco-zelensky-il-terrore-russo-non-ci-distruggera\/","title":{"rendered":"Kiev sotto attacco, Zelensky \u201cIl terrore russo non ci distrugger\u00e0\u201d"},"content":{"rendered":"<div>KIEV (UCRAINA) (ITALPRESS) &#8211; Kiev di nuovo sotto le bombe. A una settimana dagli attacchi missilistici russi, la capitale ucraina si \u00e8 risvegliata sotto attacco: sono almeno tre le esplosioni che si sono verificate all&#8217;alba, una nel distretto centrale di Shevchenkivsky. Negli attacchi colpito un palazzo non abitato, dove \u00e8 divampato un incendio. Le esplosioni sarebbero state provocate da un attacco di droni kamikaze. Dopo l&#8217;attacco su Kiev, l&#8217;allarme aereo \u00e8 scattato stamattina su tutto il Paese.<br \/>\n&#8220;Per tutta la notte e tutta la mattina, il nemico ha terrorizzato la popolazione civile. Droni e missili Kamikaze stanno attaccando tutta l&#8217;Ucraina. Un edificio residenziale \u00e8 stato colpito a Kiev &#8211; afferma su Telegram il presidente ucraino, Volodymyr Zelensky -. Il nemico pu\u00f2 attaccare le nostre citt\u00e0, ma non sar\u00e0 in grado di distruggerci. Gli occupanti riceveranno solo un&#8217;equa punizione e la condanna delle generazioni future. E otterremo la vittoria&#8221;.<div id=\"div-gpt-ad-Messinaoggi.it-DSK-300x250-corpoart\" style=\"text-align:center;margin:0 auto;\"><\/div><\/p>\n<p>Ucciso mentre combatteva per i russi a Donetsk. Elia Putzolu, foreign fighter italiano di 28 anni, \u00e8 morto durante un conflitto a fuoco al fianco delle milizie dell\u2019autoproclamata repubblica dell\u2019est dell\u2019Ucraina, dove si era di recente arruolato. La notizia \u00e8 stata confermata dalla Farnesina. Il giovane sardo si era stabilito a Taganrog, vicino alla citt\u00e0 russa di Rostov. Si tratta del terzo foreign fighter italiano ucciso.<div id=\"videoincontent\" style=\"clear:both\";><\/div><\/p>\n<p>&#8211; foto agenziafotogramma.it &#8211;<br \/>\n(ITALPRESS).<\/p><\/div>\n","protected":false},"excerpt":{"rendered":"<p>KIEV (UCRAINA) (ITALPRESS) &#8211; Kiev di nuovo sotto le bombe. A una settimana dagli attacchi missilistici russi, la capitale ucraina si \u00e8 risvegliata sotto attacco: sono almeno tre le esplosioni che si sono verificate all&#8217;alba, una nel distretto centrale di Shevchenkivsky. Negli attacchi colpito un palazzo non abitato, dove \u00e8 divampato un incendio. Le esplosioni [&hellip;]<\/p>\n","protected":false},"author":18,"featured_media":126010,"comment_status":"closed","ping_status":"closed","sticky":false,"template":"","format":"standard","meta":{"ub_ctt_via":"","_mi_skip_tracking":false},"categories":[446],"tags":[783],"featured_image_src":"https:\/\/www.messinaoggi.it\/website\/wp-content\/uploads\/2022\/10\/20221017_0124.jpg","author_info":{"display_name":"Admin","author_link":"https:\/\/www.messinaoggi.it\/website\/author\/admin\/"},"digistream_id":0,"digistream":false,"_links":{"self":[{"href":"https:\/\/www.messinaoggi.it\/website\/wp-json\/wp\/v2\/posts\/126009"}],"collection":[{"href":"https:\/\/www.messinaoggi.it\/website\/wp-json\/wp\/v2\/posts"}],"about":[{"href":"https:\/\/www.messinaoggi.it\/website\/wp-json\/wp\/v2\/types\/post"}],"author":[{"embeddable":true,"href":"https:\/\/www.messinaoggi.it\/website\/wp-json\/wp\/v2\/users\/18"}],"replies":[{"embeddable":true,"href":"https:\/\/www.messinaoggi.it\/website\/wp-json\/wp\/v2\/comments?post=126009"}],"version-history":[{"count":0,"href":"https:\/\/www.messinaoggi.it\/website\/wp-json\/wp\/v2\/posts\/126009\/revisions"}],"wp:featuredmedia":[{"embeddable":true,"href":"https:\/\/www.messinaoggi.it\/website\/wp-json\/wp\/v2\/media\/126010"}],"wp:attachment":[{"href":"https:\/\/www.messinaoggi.it\/website\/wp-json\/wp\/v2\/media?parent=126009"}],"wp:term":[{"taxonomy":"category","embeddable":true,"href":"https:\/\/www.messinaoggi.it\/website\/wp-json\/wp\/v2\/categories?post=126009"},{"taxonomy":"post_tag","embeddable":true,"href":"https:\/\/www.messinaoggi.it\/website\/wp-json\/wp\/v2\/tags?post=126009"}],"curies":[{"name":"wp","href":"https:\/\/api.w.org\/{rel}","templated":true}]}}