{"id":126007,"date":"2022-10-17T09:07:52","date_gmt":"2022-10-17T07:07:52","guid":{"rendered":"https:\/\/www.messinaoggi.it\/website\/2022\/10\/17\/governo-lollobrigida-destra-unita-o-meglio-tornare-al-voto\/"},"modified":"2022-10-17T09:07:52","modified_gmt":"2022-10-17T07:07:52","slug":"governo-lollobrigida-destra-unita-o-meglio-tornare-al-voto","status":"publish","type":"post","link":"https:\/\/www.messinaoggi.it\/website\/2022\/10\/17\/governo-lollobrigida-destra-unita-o-meglio-tornare-al-voto\/","title":{"rendered":"Governo, Lollobrigida \u201cDestra unita o meglio tornare al voto\u201d"},"content":{"rendered":"<div>ROMA (ITALPRESS) &#8211; &#8220;Noi siamo disposti a qualsiasi cosa per rispondere agli impegni assunti con gli italiani. L&#8217;obiettivo di tutti dev&#8217;essere il bene del Paese, scegliere insieme una squadra per realizzarlo ed essere leali reciprocamente. Serve un percorso di chiarezza che nelle prossime ore contiamo si possa riattivare. Gli italiani ci hanno votato per un progetto chiaro, hanno scelto forze politiche che ritenevano di incarnare una stagione nuova rispetto agli ultimi dieci anni. Non possiamo pi\u00f9 perdere tempo&#8221;. A dirlo il capogruppo uscente di Fratelli d&#8217;Italia alla Camera,<br \/>\nFrancesco Lollobrigida, in un&#8217;intervista al quotidiano &#8220;La Repubblica&#8221; in merito alle frizioni interne alla maggioranza, in particolare tra Giorgia Meloni e Silvio Berlusconi. &#8220;Giorgia non conosce il rancore e qualsiasi arrabbiatura, se emersa, sar\u00e0 sopita dall&#8217;interesse generale&#8221;, assicura Lollobrigida. &#8220;Un governo senza Forza Italia? Non sono possibili inciuci n\u00e8 governi anomali&#8221;.<br \/>\n&#8220;A noi &#8211; dice ancora &#8211; non \u00e8 mai interessato governare solo per farlo, vogliamo coinvolgere le migliori energie dentro e fuori la politica. Se ci saranno queste condizioni, bene. Altrimenti neppure ci proviamo. E torniamo dagli elettori, riproponendo a quel punto una coalizione diversa dall&#8217;attuale ma ripartendo, per quanto riguarda FdI, dal consenso che abbiamo avuto. Per\u00f2 non credo che accadr\u00e0&#8221;. &#8220;Giorgia Meloni, se incaricata dal Capo dello Stato, non si tirer\u00e0 indietro dal presentare una squadra autorevole, con energie del centrodestra e della societ\u00e0. E nella fase della fiducia, altre forze potrebbero essere interessate a dare un contributo positivo&#8221;. &#8220;I moderati &#8211; evidenzia &#8211; possono essere un punto di riferimento per altre risorse, dentro e fuori la coalizione, che si sono gi\u00e0 manifestate nel voto su La Russa. Ma non parlo di Renzi n\u00e8 del centrosinistra&#8221;. Ci sar\u00e0 spazio nel governo per chi non ha votato La Russa? &#8220;Il dialogo, certo, oggi \u00e8 pi\u00f9 facile con Berlusconi e Casellati. Continua a essere incomprensibile quello che hanno fatto gli altri forzisti in Senato&#8221;.<div id=\"div-gpt-ad-Messinaoggi.it-DSK-300x250-corpoart\" style=\"text-align:center;margin:0 auto;\"><\/div><\/p>\n<p>&#8211; foto agenziafotogramma.it &#8211;<br \/>\n(ITALPRESS).<div id=\"videoincontent\" style=\"clear:both\";><\/div><\/p><\/div>\n","protected":false},"excerpt":{"rendered":"<p>ROMA (ITALPRESS) &#8211; &#8220;Noi siamo disposti a qualsiasi cosa per rispondere agli impegni assunti con gli italiani. L&#8217;obiettivo di tutti dev&#8217;essere il bene del Paese, scegliere insieme una squadra per realizzarlo ed essere leali reciprocamente. Serve un percorso di chiarezza che nelle prossime ore contiamo si possa riattivare. Gli italiani ci hanno votato per un [&hellip;]<\/p>\n","protected":false},"author":18,"featured_media":126008,"comment_status":"closed","ping_status":"closed","sticky":false,"template":"","format":"standard","meta":{"ub_ctt_via":"","_mi_skip_tracking":false},"categories":[446],"tags":[783],"featured_image_src":"https:\/\/www.messinaoggi.it\/website\/wp-content\/uploads\/2022\/10\/20221017_0084.jpg","author_info":{"display_name":"Admin","author_link":"https:\/\/www.messinaoggi.it\/website\/author\/admin\/"},"digistream_id":0,"digistream":false,"_links":{"self":[{"href":"https:\/\/www.messinaoggi.it\/website\/wp-json\/wp\/v2\/posts\/126007"}],"collection":[{"href":"https:\/\/www.messinaoggi.it\/website\/wp-json\/wp\/v2\/posts"}],"about":[{"href":"https:\/\/www.messinaoggi.it\/website\/wp-json\/wp\/v2\/types\/post"}],"author":[{"embeddable":true,"href":"https:\/\/www.messinaoggi.it\/website\/wp-json\/wp\/v2\/users\/18"}],"replies":[{"embeddable":true,"href":"https:\/\/www.messinaoggi.it\/website\/wp-json\/wp\/v2\/comments?post=126007"}],"version-history":[{"count":0,"href":"https:\/\/www.messinaoggi.it\/website\/wp-json\/wp\/v2\/posts\/126007\/revisions"}],"wp:featuredmedia":[{"embeddable":true,"href":"https:\/\/www.messinaoggi.it\/website\/wp-json\/wp\/v2\/media\/126008"}],"wp:attachment":[{"href":"https:\/\/www.messinaoggi.it\/website\/wp-json\/wp\/v2\/media?parent=126007"}],"wp:term":[{"taxonomy":"category","embeddable":true,"href":"https:\/\/www.messinaoggi.it\/website\/wp-json\/wp\/v2\/categories?post=126007"},{"taxonomy":"post_tag","embeddable":true,"href":"https:\/\/www.messinaoggi.it\/website\/wp-json\/wp\/v2\/tags?post=126007"}],"curies":[{"name":"wp","href":"https:\/\/api.w.org\/{rel}","templated":true}]}}