{"id":125997,"date":"2022-10-16T20:07:51","date_gmt":"2022-10-16T18:07:51","guid":{"rendered":"https:\/\/www.messinaoggi.it\/website\/2022\/10\/16\/politica-e-sport-al-fianco-di-egonu-orgoglio-italiano\/"},"modified":"2022-10-16T20:07:51","modified_gmt":"2022-10-16T18:07:51","slug":"politica-e-sport-al-fianco-di-egonu-orgoglio-italiano","status":"publish","type":"post","link":"https:\/\/www.messinaoggi.it\/website\/2022\/10\/16\/politica-e-sport-al-fianco-di-egonu-orgoglio-italiano\/","title":{"rendered":"Politica e sport al fianco di Egonu \u201cOrgoglio italiano\u201d"},"content":{"rendered":"<div>ROMA (ITALPRESS) &#8211; Il mondo dello sport e anche quello istituzionale si sono stretti oggi attorno a Paola Egonu. Per la campionessa della Nazionale femminile di pallavolo una pioggia di attestati di stima, a 24 ore dal suo sfogo &#8220;Offesa e stanca, mi prendo una pausa&#8221;, pronunciato dopo la finale per il bronzo dei Mondiali, vinta dalle azzurre, e poi parzialmente rettificato. Secondo quanto riporta la Federvolley, la Egonu \u00e8 stata insultata sui social dopo il ko delle ragazze allenate da Mazzanti contro il Brasile nelle semifinali del torneo iridato. &#8220;Da professionista quale \u00e8, Paola ha giocato la finale per il terzo posto ma poi alla fine \u00e8 scoppiata. Non possiamo controllare i social e le esternazioni di qualche imbecille. La nostra missione resta quella di azzerare barriere di ogni tipo, come abbiamo sempre fatto. La nostra Nazionale \u00e8 composta da tante ragazze che per noi sono importanti&#8221;, ha detto oggi il presidente della Fipav, Giuseppe Manfredi.<br \/>A sostegno della pallavolista azzurra sono intervenuti in tanti, in primis il premier Mario Draghi. &#8220;Piena solidariet\u00e0 alla campionessa di volley Paola Egonu dal presidente Draghi nella telefonata di questa mattina. L&#8217;atleta azzurra \u00e8 un orgoglio dello sport italiano, avr\u00e0 future occasioni per vincere altri trofei indossando la maglia della Nazionale&#8221;, si legge in un tweet sul profilo ufficiale di &#8220;Palazzo Chigi&#8221;. Anche il nuovo presidente del Senato, fra gli altri, si \u00e8 interessato della vicenda. &#8220;Questa mattina mi ha chiamato il presidente Ignazio La Russa&#8221;, ha dichiarato ancora Manfredi, chiarendo per\u00f2 di poter fare poco essendo il fatto &#8220;legato al mondo dei social&#8221;.<br \/>A guidare gli attestati di stima dell&#8217;universo sportivo italiano, ovviamente, il numero uno del Coni. &#8220;Siamo al tuo fianco, ci vediamo al rientro dalle meritate vacanze&#8221;, il messaggio di Giovanni Malag\u00f2 alla Egonu. Il presidente del Coni ha detto all&#8217;azzurra di &#8220;non prendere decisioni affrettate&#8221;, in nome dell&#8217;attaccamento dimostrato nei confronti della Nazionale in questi anni. Proprio Malag\u00f2 aveva anticipato all&#8217;Egonu la imminente telefonata del Premier.<br \/>Belle, infine, le parole di Mauro Fabris. &#8220;Grazie, quello che fai tu va sempre bene. Sempre. Un altro veneto, Roberto Baggio, in occasione dei Mondiali di calcio di USA 1994, ai rigori finali sbagli\u00f2 il suo. E perdemmo. Contro il Brasile, tanto per rimanere in tema. Sub\u00ec di tutto. Anche per il fatto di essere di religione buddista, cacciatore e portare il codino. Ma era e rimase, ancora oggi lo \u00e8, un grande campione amato dagli italiani. Noi ti ammiriamo e ti vogliamo bene. Lascia stare il resto. Torna presto in Serie A. Gi\u00e0 ci manchi&#8221;, ha detto il presidente della Lega Volley femminile rivolgendosi alla Egonu, che presto giocher\u00e0 in Turchia. Nella stagione 2022-2023 giocher\u00e0 in Sultanlar Ligi con la maglia del VakifBank. In molti, per\u00f2, &#8220;imbecilli&#8221; esclusi, sperano di vederla prossimamente di nuovo in azione in Italia e con la maglia azzurra sulle spalle.<br \/>&#8211; foto LivePhotoSport &#8211;<br \/>(ITALPRESS).<\/div>\n<div id=\"div-gpt-ad-Messinaoggi.it-DSK-300x250-corpoart\" style=\"text-align:center;margin:0 auto;\"><\/div><\/p><div id=\"videoincontent\" style=\"clear:both\";><\/div>","protected":false},"excerpt":{"rendered":"<p>ROMA (ITALPRESS) &#8211; Il mondo dello sport e anche quello istituzionale si sono stretti oggi attorno a Paola Egonu. Per la campionessa della Nazionale femminile di pallavolo una pioggia di attestati di stima, a 24 ore dal suo sfogo &#8220;Offesa e stanca, mi prendo una pausa&#8221;, pronunciato dopo la finale per il bronzo dei Mondiali, [&hellip;]<\/p>\n","protected":false},"author":18,"featured_media":125998,"comment_status":"closed","ping_status":"closed","sticky":false,"template":"","format":"standard","meta":{"ub_ctt_via":"","_mi_skip_tracking":false},"categories":[446],"tags":[783],"featured_image_src":"https:\/\/www.messinaoggi.it\/website\/wp-content\/uploads\/2022\/10\/20221016_1790.jpg","author_info":{"display_name":"Admin","author_link":"https:\/\/www.messinaoggi.it\/website\/author\/admin\/"},"digistream_id":0,"digistream":false,"_links":{"self":[{"href":"https:\/\/www.messinaoggi.it\/website\/wp-json\/wp\/v2\/posts\/125997"}],"collection":[{"href":"https:\/\/www.messinaoggi.it\/website\/wp-json\/wp\/v2\/posts"}],"about":[{"href":"https:\/\/www.messinaoggi.it\/website\/wp-json\/wp\/v2\/types\/post"}],"author":[{"embeddable":true,"href":"https:\/\/www.messinaoggi.it\/website\/wp-json\/wp\/v2\/users\/18"}],"replies":[{"embeddable":true,"href":"https:\/\/www.messinaoggi.it\/website\/wp-json\/wp\/v2\/comments?post=125997"}],"version-history":[{"count":0,"href":"https:\/\/www.messinaoggi.it\/website\/wp-json\/wp\/v2\/posts\/125997\/revisions"}],"wp:featuredmedia":[{"embeddable":true,"href":"https:\/\/www.messinaoggi.it\/website\/wp-json\/wp\/v2\/media\/125998"}],"wp:attachment":[{"href":"https:\/\/www.messinaoggi.it\/website\/wp-json\/wp\/v2\/media?parent=125997"}],"wp:term":[{"taxonomy":"category","embeddable":true,"href":"https:\/\/www.messinaoggi.it\/website\/wp-json\/wp\/v2\/categories?post=125997"},{"taxonomy":"post_tag","embeddable":true,"href":"https:\/\/www.messinaoggi.it\/website\/wp-json\/wp\/v2\/tags?post=125997"}],"curies":[{"name":"wp","href":"https:\/\/api.w.org\/{rel}","templated":true}]}}