{"id":125995,"date":"2022-10-16T19:07:51","date_gmt":"2022-10-16T17:07:51","guid":{"rendered":"https:\/\/www.messinaoggi.it\/website\/2022\/10\/16\/viviani-ancora-iridato-nelleliminazione-su-pista\/"},"modified":"2022-10-16T19:07:51","modified_gmt":"2022-10-16T17:07:51","slug":"viviani-ancora-iridato-nelleliminazione-su-pista","status":"publish","type":"post","link":"https:\/\/www.messinaoggi.it\/website\/2022\/10\/16\/viviani-ancora-iridato-nelleliminazione-su-pista\/","title":{"rendered":"Viviani ancora iridato nell\u2019Eliminazione su pista"},"content":{"rendered":"<div>PARIGI (FRANCIA) (ITALPRESS) &#8211; Eliva Viviani, pi\u00f9 forte della sfortuna, bissa il successo del 2021, a Roubaix, con il titolo Mondiale nell&#8217;Eliminazione di ciclismo su pista al Velodrome National di St Quentin. Alle sue spalle finisce il neozelandese Corbin Strong, medaglia d&#8217;argento. Terzo posto e bronzo per l&#8217;inglese Ethan Vernon. Il veronese lo aveva detto &#8220;correr\u00f2 con tutta la rabbia che ho in corpo&#8221;. Non gli era andato certo gi\u00f9 il 7\u00b0 posto ottenuto ieri nell&#8217;Omnium. La corsa ha vissuto momenti veramente concitati che hanno tenuto il pubblico con il fiato sospeso. Lo stesso Viviani, che \u00e8 giunto al traguardo con un&#8217;abrasione sul polpaccio destro, \u00e8 entrato in contatto con gli avversari. Per lui un veloce stop per cambiare la bici e ripartenza con brivido.<br \/>&#8220;Non so se la bici avesse qualcosa ma non potevo rischiare pi\u00f9 perch\u00e8 la mia corsa sarebbe finita. E&#8217; stato un Mondiale pi\u00f9 duro rispetto allo scorso anno, dove ho evitato anche un&#8217;altra caduta per pochissimo. Questa era la mia corsa, non potevo sbagliare&#8221;, ha aggiunto Viviani, che ha conquistato la settima medaglia di questi Mondiali per i colori azzurri (4 ori e 3 argenti).<br \/>In precedenza la Madison ha regalato emozioni intense, sino alla fine, ma non ha portato medaglie all&#8217;Italia. La coppia formata da Simone Consonni e Michele Scartezzini solo allo sprint finale \u00e8 scesa dal podio. Nella combinazione dei risultati la Gran Bretagna, aggiudicandosi lo sprint conclusivo, \u00e8 riuscita scalzare i nostri da un podio che sembrava ormai raggiunto.<br \/>Il successo \u00e8 andato ai padroni di casa della Francia (Donovan Grondin e Benjamin Thomas) che hanno fatto letteralmente impazzire il Velodrome National. I galletti hanno avuto la meglio sui britannici Ethan Hayter e Oliver Wood, argento, e sui belgi Fabio van den Bosche e Lindsay De Vylder, bronzo. &#8220;Un quarto posto ottimo, che ci riempie d&#8217;orgoglio. Forse verso met\u00e0 gara ci siamo impauriti ma poi abbiamo ripreso con grinta. Ci succede in alcune prove. Siamo comunque felici di come ci siamo comportati e del percorso portato avanti in questi ultimi anni. E&#8217; mancata solo la medaglia&#8221;, ha dichiarato Consonni.<br \/>&#8211; foto LivePhotoSport &#8211;<br \/>(ITALPRESS).<\/div>\n<div id=\"div-gpt-ad-Messinaoggi.it-DSK-300x250-corpoart\" style=\"text-align:center;margin:0 auto;\"><\/div><\/p><div id=\"videoincontent\" style=\"clear:both\";><\/div>","protected":false},"excerpt":{"rendered":"<p>PARIGI (FRANCIA) (ITALPRESS) &#8211; Eliva Viviani, pi\u00f9 forte della sfortuna, bissa il successo del 2021, a Roubaix, con il titolo Mondiale nell&#8217;Eliminazione di ciclismo su pista al Velodrome National di St Quentin. Alle sue spalle finisce il neozelandese Corbin Strong, medaglia d&#8217;argento. Terzo posto e bronzo per l&#8217;inglese Ethan Vernon. Il veronese lo aveva detto [&hellip;]<\/p>\n","protected":false},"author":18,"featured_media":125996,"comment_status":"closed","ping_status":"closed","sticky":false,"template":"","format":"standard","meta":{"ub_ctt_via":"","_mi_skip_tracking":false},"categories":[446],"tags":[783],"featured_image_src":"https:\/\/www.messinaoggi.it\/website\/wp-content\/uploads\/2022\/10\/20221016_1660.jpg","author_info":{"display_name":"Admin","author_link":"https:\/\/www.messinaoggi.it\/website\/author\/admin\/"},"digistream_id":0,"digistream":false,"_links":{"self":[{"href":"https:\/\/www.messinaoggi.it\/website\/wp-json\/wp\/v2\/posts\/125995"}],"collection":[{"href":"https:\/\/www.messinaoggi.it\/website\/wp-json\/wp\/v2\/posts"}],"about":[{"href":"https:\/\/www.messinaoggi.it\/website\/wp-json\/wp\/v2\/types\/post"}],"author":[{"embeddable":true,"href":"https:\/\/www.messinaoggi.it\/website\/wp-json\/wp\/v2\/users\/18"}],"replies":[{"embeddable":true,"href":"https:\/\/www.messinaoggi.it\/website\/wp-json\/wp\/v2\/comments?post=125995"}],"version-history":[{"count":0,"href":"https:\/\/www.messinaoggi.it\/website\/wp-json\/wp\/v2\/posts\/125995\/revisions"}],"wp:featuredmedia":[{"embeddable":true,"href":"https:\/\/www.messinaoggi.it\/website\/wp-json\/wp\/v2\/media\/125996"}],"wp:attachment":[{"href":"https:\/\/www.messinaoggi.it\/website\/wp-json\/wp\/v2\/media?parent=125995"}],"wp:term":[{"taxonomy":"category","embeddable":true,"href":"https:\/\/www.messinaoggi.it\/website\/wp-json\/wp\/v2\/categories?post=125995"},{"taxonomy":"post_tag","embeddable":true,"href":"https:\/\/www.messinaoggi.it\/website\/wp-json\/wp\/v2\/tags?post=125995"}],"curies":[{"name":"wp","href":"https:\/\/api.w.org\/{rel}","templated":true}]}}