{"id":125982,"date":"2022-10-16T17:07:50","date_gmt":"2022-10-16T15:07:50","guid":{"rendered":"https:\/\/www.messinaoggi.it\/website\/2022\/10\/16\/orlando-le-divisioni-dellopposizione-agevolano-la-destra\/"},"modified":"2022-10-16T17:07:50","modified_gmt":"2022-10-16T15:07:50","slug":"orlando-le-divisioni-dellopposizione-agevolano-la-destra","status":"publish","type":"post","link":"https:\/\/www.messinaoggi.it\/website\/2022\/10\/16\/orlando-le-divisioni-dellopposizione-agevolano-la-destra\/","title":{"rendered":"Orlando \u201cLe divisioni dell\u2019opposizione agevolano la destra\u201d"},"content":{"rendered":"<div>ROMA (ITALPRESS) &#8211; &#8220;Credo che sbagli chi parla di evoluzione moderata della Meloni. La scelta dei presidenti delle due Camere non \u00e8 casuale. Hanno scelto figure divisive&#8221;. Lo afferma il ministro del Lavoro, Andrea Orlando, ospite di &#8220;Mezz&#8217;ora in pi\u00f9&#8221;, su Raitre.<br \/>&#8220;Mi aspetto una torsione conservatrice su molti temi che riguardano i diritti, lo abbiamo visto sull&#8217;aborto in alcune Regioni governate dalla destra. E poi credo che si prover\u00e0 a dare la colpa all&#8217;Europa per le difficolt\u00e0 in campo economico&#8221;, ha spiegato l&#8217;esponente del Pd, che in merito all&#8217;elezione di Ignazio La Russa a presidente del Senato ha aggiunto: &#8220;Tendo a escludere che ci siano voti venuti dal Pd, ma questo dimostra che un campo che in teoria esprime la maggioranza nel Paese non riesce a unirsi nemmeno nel dire di no a La Russa. Questo quadro agevola la destra, non so se volontariamente o involontariamente&#8221;.<br \/>&#8220;Oggi per\u00f2 il Pd non risolve il problema dell&#8217;identit\u00e0 partendo dalle alleanze. Sono scorciatoie, le alleanze arrivano dopo l&#8217;identit\u00e0&#8221;, ha aggiunto.<div id=\"div-gpt-ad-Messinaoggi.it-DSK-300x250-corpoart\" style=\"text-align:center;margin:0 auto;\"><\/div><\/p>\n<p>&#8211; foto Agenziafotogramma.it &#8211;<div id=\"videoincontent\" style=\"clear:both\";><\/div><\/p>\n<p>(ITALPRESS).<\/p><\/div>\n","protected":false},"excerpt":{"rendered":"<p>ROMA (ITALPRESS) &#8211; &#8220;Credo che sbagli chi parla di evoluzione moderata della Meloni. La scelta dei presidenti delle due Camere non \u00e8 casuale. Hanno scelto figure divisive&#8221;. Lo afferma il ministro del Lavoro, Andrea Orlando, ospite di &#8220;Mezz&#8217;ora in pi\u00f9&#8221;, su Raitre.&#8220;Mi aspetto una torsione conservatrice su molti temi che riguardano i diritti, lo abbiamo [&hellip;]<\/p>\n","protected":false},"author":18,"featured_media":125983,"comment_status":"closed","ping_status":"closed","sticky":false,"template":"","format":"standard","meta":{"ub_ctt_via":"","_mi_skip_tracking":false},"categories":[446],"tags":[783],"featured_image_src":"https:\/\/www.messinaoggi.it\/website\/wp-content\/uploads\/2022\/10\/20221016_1125.jpg","author_info":{"display_name":"Admin","author_link":"https:\/\/www.messinaoggi.it\/website\/author\/admin\/"},"digistream_id":0,"digistream":false,"_links":{"self":[{"href":"https:\/\/www.messinaoggi.it\/website\/wp-json\/wp\/v2\/posts\/125982"}],"collection":[{"href":"https:\/\/www.messinaoggi.it\/website\/wp-json\/wp\/v2\/posts"}],"about":[{"href":"https:\/\/www.messinaoggi.it\/website\/wp-json\/wp\/v2\/types\/post"}],"author":[{"embeddable":true,"href":"https:\/\/www.messinaoggi.it\/website\/wp-json\/wp\/v2\/users\/18"}],"replies":[{"embeddable":true,"href":"https:\/\/www.messinaoggi.it\/website\/wp-json\/wp\/v2\/comments?post=125982"}],"version-history":[{"count":0,"href":"https:\/\/www.messinaoggi.it\/website\/wp-json\/wp\/v2\/posts\/125982\/revisions"}],"wp:featuredmedia":[{"embeddable":true,"href":"https:\/\/www.messinaoggi.it\/website\/wp-json\/wp\/v2\/media\/125983"}],"wp:attachment":[{"href":"https:\/\/www.messinaoggi.it\/website\/wp-json\/wp\/v2\/media?parent=125982"}],"wp:term":[{"taxonomy":"category","embeddable":true,"href":"https:\/\/www.messinaoggi.it\/website\/wp-json\/wp\/v2\/categories?post=125982"},{"taxonomy":"post_tag","embeddable":true,"href":"https:\/\/www.messinaoggi.it\/website\/wp-json\/wp\/v2\/tags?post=125982"}],"curies":[{"name":"wp","href":"https:\/\/api.w.org\/{rel}","templated":true}]}}