{"id":125972,"date":"2022-10-16T14:07:51","date_gmt":"2022-10-16T12:07:51","guid":{"rendered":"https:\/\/www.messinaoggi.it\/website\/2022\/10\/16\/mattarella-garantire-a-tutti-accesso-al-cibo-italia-in-prima-linea\/"},"modified":"2022-10-16T14:07:51","modified_gmt":"2022-10-16T12:07:51","slug":"mattarella-garantire-a-tutti-accesso-al-cibo-italia-in-prima-linea","status":"publish","type":"post","link":"https:\/\/www.messinaoggi.it\/website\/2022\/10\/16\/mattarella-garantire-a-tutti-accesso-al-cibo-italia-in-prima-linea\/","title":{"rendered":"Mattarella \u201cGarantire a tutti accesso al cibo, Italia in prima linea\u201d"},"content":{"rendered":"<div>ROMA (ITALPRESS) &#8211; &#8220;Fattori ormai divenuti sistemici, quali i cambiamenti climatici e la perdita di biodiversit\u00e0 &#8211; aggravati dalla pandemia e dalla crisi finanziaria &#8211; stanno rendendo sempre pi\u00f9 difficoltoso il cammino della comunit\u00e0 internazionale verso l&#8217;obiettivo &#8216;fame zer\u00f2. Ad essi si \u00e8 aggiunta l&#8217;aggressione russa all&#8217;Ucraina, con drammatiche conseguenze in termini di insicurezza alimentare. Senza un equo accesso al cibo \u00e8 impossibile garantire a milioni di abitanti del pianeta &#8211; soprattutto quelli che vivono nei paesi pi\u00f9 poveri &#8211; una vita sana, un&#8217;istruzione di qualit\u00e0, opportunit\u00e0 di crescita sociale ed economica. In tali condizioni si trova una persona su dieci nel mondo. Rispetto a queste sfide l&#8217;Italia resta in prima linea, al livello globale e nell&#8217;area del Mediterraneo, per cercare soluzioni adeguate alle crisi dell&#8217;oggi e per affrontare obiettivi di lungo termine&#8221;. Cos\u00ec il presidente della Repubblica, Sergio Mattarella, in occasione della Giornata Mondiale dell&#8217;Alimentazione. &#8220;Occorre lavorare per rendere i sistemi alimentari pi\u00f9 resilienti e sostenibili. Soltanto un multilateralismo efficace ci consentir\u00e0 di raggiungere un traguardo cos\u00ec complesso e ambizioso. Prezioso in questo contesto \u00e8 il ruolo delle Agenzie del Polo Romano delle Nazioni Unite e, in coincidenza con la Giornata Mondiale dell&#8217;Alimentazione, desidero ribadire la considerazione che l&#8217;Italia nutre nei confronti della loro azione. A quanti si adoperano quotidianamente per far s\u00ec che a tutti sia garantito l&#8217;accesso al cibo giunga l&#8217;espressione della gratitudine della Repubblica Italiana&#8221;, conclude Mattarella.<br \/>\n(ITALPRESS).<br \/>\n-foto ufficio stampa Quirinale-<\/div>\n<div id=\"div-gpt-ad-Messinaoggi.it-DSK-300x250-corpoart\" style=\"text-align:center;margin:0 auto;\"><\/div><\/p><div id=\"videoincontent\" style=\"clear:both\";><\/div>","protected":false},"excerpt":{"rendered":"<p>ROMA (ITALPRESS) &#8211; &#8220;Fattori ormai divenuti sistemici, quali i cambiamenti climatici e la perdita di biodiversit\u00e0 &#8211; aggravati dalla pandemia e dalla crisi finanziaria &#8211; stanno rendendo sempre pi\u00f9 difficoltoso il cammino della comunit\u00e0 internazionale verso l&#8217;obiettivo &#8216;fame zer\u00f2. Ad essi si \u00e8 aggiunta l&#8217;aggressione russa all&#8217;Ucraina, con drammatiche conseguenze in termini di insicurezza alimentare. [&hellip;]<\/p>\n","protected":false},"author":18,"featured_media":125973,"comment_status":"closed","ping_status":"closed","sticky":false,"template":"","format":"standard","meta":{"ub_ctt_via":"","_mi_skip_tracking":false},"categories":[446],"tags":[783],"featured_image_src":"https:\/\/www.messinaoggi.it\/website\/wp-content\/uploads\/2022\/10\/20221016_0266.jpg","author_info":{"display_name":"Admin","author_link":"https:\/\/www.messinaoggi.it\/website\/author\/admin\/"},"digistream_id":0,"digistream":false,"_links":{"self":[{"href":"https:\/\/www.messinaoggi.it\/website\/wp-json\/wp\/v2\/posts\/125972"}],"collection":[{"href":"https:\/\/www.messinaoggi.it\/website\/wp-json\/wp\/v2\/posts"}],"about":[{"href":"https:\/\/www.messinaoggi.it\/website\/wp-json\/wp\/v2\/types\/post"}],"author":[{"embeddable":true,"href":"https:\/\/www.messinaoggi.it\/website\/wp-json\/wp\/v2\/users\/18"}],"replies":[{"embeddable":true,"href":"https:\/\/www.messinaoggi.it\/website\/wp-json\/wp\/v2\/comments?post=125972"}],"version-history":[{"count":0,"href":"https:\/\/www.messinaoggi.it\/website\/wp-json\/wp\/v2\/posts\/125972\/revisions"}],"wp:featuredmedia":[{"embeddable":true,"href":"https:\/\/www.messinaoggi.it\/website\/wp-json\/wp\/v2\/media\/125973"}],"wp:attachment":[{"href":"https:\/\/www.messinaoggi.it\/website\/wp-json\/wp\/v2\/media?parent=125972"}],"wp:term":[{"taxonomy":"category","embeddable":true,"href":"https:\/\/www.messinaoggi.it\/website\/wp-json\/wp\/v2\/categories?post=125972"},{"taxonomy":"post_tag","embeddable":true,"href":"https:\/\/www.messinaoggi.it\/website\/wp-json\/wp\/v2\/tags?post=125972"}],"curies":[{"name":"wp","href":"https:\/\/api.w.org\/{rel}","templated":true}]}}