{"id":12597,"date":"2017-12-06T18:03:10","date_gmt":"2017-12-06T17:03:10","guid":{"rendered":"http:\/\/www.messinaoggi.it\/website\/?p=12597"},"modified":"2017-12-06T18:03:10","modified_gmt":"2017-12-06T17:03:10","slug":"acr-messina-sciotto-rompe-il-silenzio-fondamentale-tornare-al-celeste-saluta-il-dg-carabello","status":"publish","type":"post","link":"https:\/\/www.messinaoggi.it\/website\/2017\/12\/06\/acr-messina-sciotto-rompe-il-silenzio-fondamentale-tornare-al-celeste-saluta-il-dg-carabello\/","title":{"rendered":"Acr Messina, Sciotto rompe il silenzio: &quot;Fondamentale tornare al Celeste&quot;. Saluta il dg Carabell\u00f2"},"content":{"rendered":"<p style=\"text-align: justify;\">Pietro Sciotto rompe il silenzio e ci riprova. Il numero uno dell\u2019Acr torna a parlare dello stadio &#8220;Celeste&#8221;.<div id=\"div-gpt-ad-Messinaoggi.it-DSK-300x250-corpoart\" style=\"text-align:center;margin:0 auto;\"><\/div><\/p>\n<p style=\"text-align: justify;\">Per Sciotto il ritorno nello storico impianto di via Oreto \u00e8 fondamentale per il ritorno del calcio messinese ai vertici:<em> &#8220;Sin dal mio primo giorno di presidenza ho immaginato lo stadio \u201cGiovanni Celeste\u201d come la casa del Messina. Un pensiero dettato dal cuore, che, com\u2019\u00e8 noto, non conosce vincoli burocratici. Nell\u2019impianto di via Oreto mi sono innamorato dei colori giallorossi, di quei campioni in grado di lottare a viso aperto contro chiunque grazie alla spinta emozionale di una Curva unica in Italia, trionfo di passione e attaccamento alla maglia&#8221;<\/em>.<div id=\"videoincontent\" style=\"clear:both\";><\/div><\/p>\n<p style=\"text-align: justify;\">Per il presidente giallorosso si \u00e8 perso fin troppo tempo: <em>&#8220;Sono passati appena quattro mesi dalla nascita di questa nuova societ\u00e0, e il mio pensiero non \u00e8 mai cambiato &#8211; <strong>prosegue <\/strong>-. Aggiungo: il miglior acquisto della mia gestione non potr\u00e0 che essere la riapertura del \u201cCeleste\u201d, dodicesimo uomo in campo per quella rapida risalita in classifica che tutti noi immaginiamo dopo le delusioni iniziali. Ho gi\u00e0 inoltrato una richiesta di convocazione alla Commissione di Vigilanza; dopo questo passaggio potremo fare finalmente luce sui reali ostacoli da superare in vista di una possibile riapertura. Nel 2013 lo stadio \u00e8 stato concesso al Citt\u00e0 di Messina per disputare le partite interne del campionato di Serie D: cosa \u00e8 cambiato da allora? \u00c8 possibile \u2013 anche a costo di una corsa contro il tempo \u2013 risolvere le questioni sul tavolo per avviare un vero e proprio processo di restituzione di questo monumento alla citt\u00e0?&#8221;<\/em>.<\/p>\n<p style=\"text-align: justify;\">Sciotto chiede alle istituzioni di attenzionare la vicenda: <em>\u201cIn questo momento storico il \u201cCeleste\u201d sarebbe funzionale al progetto sportivo dell\u2019Acr Messina; un progetto di Rilancio, come da acronimo. Lo sport sa coniugare la pura imprenditoria con le emozioni, i piani strategici con la passione: sono pronto a confrontarmi con tutti per realizzare il mio sogno, un desiderio condiviso con grandissima parte della tifoseria. Io non mi arrendo. Forza Messina&#8221;.<\/em> Poco dopo l\u2019Acr Messina ha ufficializzato l\u2019addio del direttore generale, Giovanni Carabell\u00f2.<\/p>\n","protected":false},"excerpt":{"rendered":"<p>Pietro Sciotto rompe il silenzio e ci riprova. Il numero uno dell\u2019Acr torna a parlare dello stadio &#8220;Celeste&#8221;. Per Sciotto il ritorno nello storico impianto di via Oreto \u00e8 fondamentale per il ritorno del calcio messinese ai vertici: &#8220;Sin dal mio primo giorno di presidenza ho immaginato lo stadio \u201cGiovanni Celeste\u201d come la casa del [&hellip;]<\/p>\n","protected":false},"author":2,"featured_media":7523,"comment_status":"closed","ping_status":"open","sticky":false,"template":"","format":"standard","meta":{"ub_ctt_via":"","_mi_skip_tracking":false},"categories":[10],"tags":[],"featured_image_src":"https:\/\/www.messinaoggi.it\/website\/wp-content\/uploads\/2017\/09\/ok-N82A5753-2.jpg","author_info":{"display_name":"Redazione","author_link":"https:\/\/www.messinaoggi.it\/website\/author\/redazione\/"},"digistream_id":0,"digistream":false,"_links":{"self":[{"href":"https:\/\/www.messinaoggi.it\/website\/wp-json\/wp\/v2\/posts\/12597"}],"collection":[{"href":"https:\/\/www.messinaoggi.it\/website\/wp-json\/wp\/v2\/posts"}],"about":[{"href":"https:\/\/www.messinaoggi.it\/website\/wp-json\/wp\/v2\/types\/post"}],"author":[{"embeddable":true,"href":"https:\/\/www.messinaoggi.it\/website\/wp-json\/wp\/v2\/users\/2"}],"replies":[{"embeddable":true,"href":"https:\/\/www.messinaoggi.it\/website\/wp-json\/wp\/v2\/comments?post=12597"}],"version-history":[{"count":0,"href":"https:\/\/www.messinaoggi.it\/website\/wp-json\/wp\/v2\/posts\/12597\/revisions"}],"wp:featuredmedia":[{"embeddable":true,"href":"https:\/\/www.messinaoggi.it\/website\/wp-json\/wp\/v2\/media\/7523"}],"wp:attachment":[{"href":"https:\/\/www.messinaoggi.it\/website\/wp-json\/wp\/v2\/media?parent=12597"}],"wp:term":[{"taxonomy":"category","embeddable":true,"href":"https:\/\/www.messinaoggi.it\/website\/wp-json\/wp\/v2\/categories?post=12597"},{"taxonomy":"post_tag","embeddable":true,"href":"https:\/\/www.messinaoggi.it\/website\/wp-json\/wp\/v2\/tags?post=12597"}],"curies":[{"name":"wp","href":"https:\/\/api.w.org\/{rel}","templated":true}]}}