{"id":125900,"date":"2022-10-15T13:17:53","date_gmt":"2022-10-15T11:17:53","guid":{"rendered":"https:\/\/www.messinaoggi.it\/website\/2022\/10\/15\/cna-anche-in-sicilia-recepito-profilo-professionale-tintolavanderia\/"},"modified":"2022-10-15T13:17:53","modified_gmt":"2022-10-15T11:17:53","slug":"cna-anche-in-sicilia-recepito-profilo-professionale-tintolavanderia","status":"publish","type":"post","link":"https:\/\/www.messinaoggi.it\/website\/2022\/10\/15\/cna-anche-in-sicilia-recepito-profilo-professionale-tintolavanderia\/","title":{"rendered":"Cna, anche in Sicilia recepito profilo professionale tintolavanderia"},"content":{"rendered":"<div>\n<p>PALERMO (ITALPRESS) \u2013 \u201cFinalmente anche in Sicilia \u00e8 stato recepito il profilo professionale del responsabile tecnico di tintolavanderia\u201d. Un grande successo targato CNA, i cui vertici regionali esprimono soddisfazione per il significativo obiettivo raggiunto. \u201cLa nostra Confederazione si \u00e8 intestata questa battaglia con convinzione e senso di responsabilit\u00e0 \u2013 afferma il segretario Piero Giglione \u2013 l\u2019abbiamo condotta in modo solitario ma efficace, consapevoli dell\u2019importanza della proposta, oggi divenuta opportuno strumento giuridico al servizio della categoria\u201d. E, a nome degli operatori del comparto, manifestano apprezzamento Claudio Sapuppo e Francesco Cuccia, rispettivamente Presidente e responsabile regionale del mestiere Tintolavaneria. Entrambi sottolineano \u201cl\u2019importanza della conclusione dell\u2019iter che ha portato alla certificazione della professione all\u2019interno del repertorio regionale delle qualificazioni, tra le attivit\u00e0 normale\u201d. L\u2019Assessorato Regionale dell\u2019Istruzione e della Formazione, con proprio decreto, ha approvato ufficialmente l\u2019inserimento di questa figura nel quadro che disciplina gli standard professionali nella Regione,  definendo requisiti, competenze e abilit\u00e0 per chi intende approcciarsi a questa attivit\u00e0 con competenza e professionalit\u00e0. Infatti il settore in Italia \u00e8 regolamentato dalla legge 84 del 2006, che prevede  le modalit\u00e0 di accesso alla professione, anche tramite i corsi di qualificazione tecnico professionale. \u201cUn vuoto normativo colmato dopo pi\u00f9 di 16 anni e che garantir\u00e0 \u2013 sottolineano Sapuppo e Cuccia \u2013 la possibilit\u00e0 di  accesso alla professione in modo immediato. Un risultato \u2013 concludono \u2013 che assicurer\u00e0 per il futuro un reale contrasto al lavoro nero, oltre a rendere meno complicata rispetto al passato l\u2019apertura di un\u2019attivit\u00e0 di lavanderia\u201d.<div id=\"div-gpt-ad-Messinaoggi.it-DSK-300x250-corpoart\" style=\"text-align:center;margin:0 auto;\"><\/div><\/p>\n<p>foto: agenziafotogramma.it<div id=\"videoincontent\" style=\"clear:both\";><\/div><\/p>\n<p>(ITALPRESS).<\/p>\n<\/div>\n","protected":false},"excerpt":{"rendered":"<p>PALERMO (ITALPRESS) \u2013 \u201cFinalmente anche in Sicilia \u00e8 stato recepito il profilo professionale del responsabile tecnico di tintolavanderia\u201d. Un grande successo targato CNA, i cui vertici regionali esprimono soddisfazione per il significativo obiettivo raggiunto. \u201cLa nostra Confederazione si \u00e8 intestata questa battaglia con convinzione e senso di responsabilit\u00e0 \u2013 afferma il segretario Piero Giglione \u2013 [&hellip;]<\/p>\n","protected":false},"author":18,"featured_media":125901,"comment_status":"closed","ping_status":"closed","sticky":false,"template":"","format":"standard","meta":{"ub_ctt_via":"","_mi_skip_tracking":false},"categories":[2449],"tags":[783],"featured_image_src":"https:\/\/www.messinaoggi.it\/website\/wp-content\/uploads\/2022\/10\/20221015_0829.jpg","author_info":{"display_name":"Admin","author_link":"https:\/\/www.messinaoggi.it\/website\/author\/admin\/"},"digistream_id":0,"digistream":false,"_links":{"self":[{"href":"https:\/\/www.messinaoggi.it\/website\/wp-json\/wp\/v2\/posts\/125900"}],"collection":[{"href":"https:\/\/www.messinaoggi.it\/website\/wp-json\/wp\/v2\/posts"}],"about":[{"href":"https:\/\/www.messinaoggi.it\/website\/wp-json\/wp\/v2\/types\/post"}],"author":[{"embeddable":true,"href":"https:\/\/www.messinaoggi.it\/website\/wp-json\/wp\/v2\/users\/18"}],"replies":[{"embeddable":true,"href":"https:\/\/www.messinaoggi.it\/website\/wp-json\/wp\/v2\/comments?post=125900"}],"version-history":[{"count":0,"href":"https:\/\/www.messinaoggi.it\/website\/wp-json\/wp\/v2\/posts\/125900\/revisions"}],"wp:featuredmedia":[{"embeddable":true,"href":"https:\/\/www.messinaoggi.it\/website\/wp-json\/wp\/v2\/media\/125901"}],"wp:attachment":[{"href":"https:\/\/www.messinaoggi.it\/website\/wp-json\/wp\/v2\/media?parent=125900"}],"wp:term":[{"taxonomy":"category","embeddable":true,"href":"https:\/\/www.messinaoggi.it\/website\/wp-json\/wp\/v2\/categories?post=125900"},{"taxonomy":"post_tag","embeddable":true,"href":"https:\/\/www.messinaoggi.it\/website\/wp-json\/wp\/v2\/tags?post=125900"}],"curies":[{"name":"wp","href":"https:\/\/api.w.org\/{rel}","templated":true}]}}