{"id":125835,"date":"2022-10-14T18:07:52","date_gmt":"2022-10-14T16:07:52","guid":{"rendered":"https:\/\/www.messinaoggi.it\/website\/2022\/10\/14\/scannapieco-apre-3-edizione-scuola-politica-vivere-nella-comunita\/"},"modified":"2022-10-14T18:07:52","modified_gmt":"2022-10-14T16:07:52","slug":"scannapieco-apre-3-edizione-scuola-politica-vivere-nella-comunita","status":"publish","type":"post","link":"https:\/\/www.messinaoggi.it\/website\/2022\/10\/14\/scannapieco-apre-3-edizione-scuola-politica-vivere-nella-comunita\/","title":{"rendered":"Scannapieco apre 3^ edizione Scuola Politica \u201cVivere nella Comunit\u00e0\u201d"},"content":{"rendered":"<div>ROMA (ITALPRESS) &#8211; Al via la terza edizione del ciclo di studi promosso dalla Scuola Politica &#8220;Vivere nella Comunit\u00e0&#8221;, fondata da Pellegrino Capaldo, Sabino Cassese, Marcello Presicci e Paolo Boccardelli insieme a numerose personalit\u00e0 di primo piano del mondo accademico ed aziendale come Francesco Profumo, Marta Cartabia, Bernardo Giorgio Mattarella, Maria Bianca Farina e &#8211; fra gli altri &#8211; i rappresentanti di Intesa Sanpaolo, Poste Italiane, Ferrovie dello Stato, Banca d&#8217;Italia, Generali, Fondazione CRT, A2A, Engineering, Istituto Credito Sportivo e Compagnia di San Paolo.<br \/>Il supervisory board della Scuola Politica ha deciso di affidare quest&#8217;anno l&#8217;apertura della nuova edizione all&#8217;amministratore delegato di Cassa Depositi e Prestiti, Dario Scannapieco. &#8220;Il ruolo di CDP nel sistema Paese&#8221; il titolo dell&#8217;intervento.<br \/>Il panel \u00e8 stato moderato da Massimo Lapucci, vice presidente della Scuola Politica, ed \u00e8 stato caratterizzato dagli interventi introduttivi di Francesco Profumo e Stefano Lucchini, entrambi membri del Supervisory Board della Scuola Politica.<br \/>Fra i presenti nella &#8220;Sala degli Specchi&#8221; di Casina Valadier, i docenti, i membri del board e i 40 partecipanti al percorso di studio scelti su oltre 700 candidature giunte.<br \/>Dario Scannapieco durante il suo intervento, oltre a presentare la centralit\u00e0 di CdP per il sistema Paese e gli impatti generati dalle attivit\u00e0 correlate, ha ribadito l&#8217;importanza della formazione permanente per i giovani affermando: &#8220;Luoghi come questi sono molti utili poich\u00e8 continuano a stimolare la crescita, il dibattito e lo scambio di idee necessarie a far crescere una comunit\u00e0 ed un&#8217;azienda. La Scuola Politica &#8220;Vivere nella Comunit\u00e0&#8221; ha il grande merito di facilitare questa tipologia di apprendimento assolutamente preziosa per la futura classe dirigente&#8221;.<br \/>L&#8217;iniziativa formativa, gratuita per gli studenti grazie al sostegno economico delle imprese coinvolte, intende cos\u00ec rafforzare la preparazione e le competenze dei partecipanti, contribuendo alla formazione di nuovi leader e di una futura classe dirigente preparata che percepisca la responsabilit\u00e0 di essere &#8220;civil servant&#8221;.<br \/>Su questo tema Stefano Lucchini ha affermato: &#8220;In una fase estremamente delicata e complessa come questa \u00e8 fondamentale tutelare il percorso di formazione e di lavoro dei giovani, ma anche stimolare la loro passione civile. L&#8217;ascensore sociale in Italia ha funzionato molto bene quando ha saputo coniugare il talento con la partecipazione dei giovani alla vita pubblica, alle grandi scelte economiche e sociali. E&#8217; solo da qui che il Paese pu\u00f2 ripartire&#8221;.<br \/>In conclusione Marcello Presicci, segretario generale della Scuola Politica ha ribadito: &#8220;Anche quest&#8217;anno investiremo il nostro tempo e le nostre energie nel formare gratuitamente 40 giovani ad alto potenziale, mettendoli in contatto con alcune fra le pi\u00f9 importanti figure accademiche ed aziendali d&#8217; Italia. Il nostro obiettivo resta quello di investire nel capitale umano dei giovani, rafforzando le loro gi\u00e0 solide competenze attraverso momenti di confronto e dialogo di grande valore, come quello espresso dall&#8217;AD di CdP, Dario Scannapieco. Questo \u00e8 il nostro contributo verso le istituzioni e il Paese in un momento complesso della nostra storia&#8221;. <div id=\"div-gpt-ad-Messinaoggi.it-DSK-300x250-corpoart\" style=\"text-align:center;margin:0 auto;\"><\/div><\/p>\n<p>&#8211; foto ufficio stampa Scuola Politica &#8220;Vivere nella Comunit\u00e0&#8221; &#8211;<div id=\"videoincontent\" style=\"clear:both\";><\/div><\/p>\n<p>(ITALPRESS).<\/p><\/div>\n","protected":false},"excerpt":{"rendered":"<p>ROMA (ITALPRESS) &#8211; Al via la terza edizione del ciclo di studi promosso dalla Scuola Politica &#8220;Vivere nella Comunit\u00e0&#8221;, fondata da Pellegrino Capaldo, Sabino Cassese, Marcello Presicci e Paolo Boccardelli insieme a numerose personalit\u00e0 di primo piano del mondo accademico ed aziendale come Francesco Profumo, Marta Cartabia, Bernardo Giorgio Mattarella, Maria Bianca Farina e &#8211; [&hellip;]<\/p>\n","protected":false},"author":18,"featured_media":125836,"comment_status":"closed","ping_status":"closed","sticky":false,"template":"","format":"standard","meta":{"ub_ctt_via":"","_mi_skip_tracking":false},"categories":[446],"tags":[783],"featured_image_src":"https:\/\/www.messinaoggi.it\/website\/wp-content\/uploads\/2022\/10\/20221014_1953.jpg","author_info":{"display_name":"Admin","author_link":"https:\/\/www.messinaoggi.it\/website\/author\/admin\/"},"digistream_id":0,"digistream":false,"_links":{"self":[{"href":"https:\/\/www.messinaoggi.it\/website\/wp-json\/wp\/v2\/posts\/125835"}],"collection":[{"href":"https:\/\/www.messinaoggi.it\/website\/wp-json\/wp\/v2\/posts"}],"about":[{"href":"https:\/\/www.messinaoggi.it\/website\/wp-json\/wp\/v2\/types\/post"}],"author":[{"embeddable":true,"href":"https:\/\/www.messinaoggi.it\/website\/wp-json\/wp\/v2\/users\/18"}],"replies":[{"embeddable":true,"href":"https:\/\/www.messinaoggi.it\/website\/wp-json\/wp\/v2\/comments?post=125835"}],"version-history":[{"count":0,"href":"https:\/\/www.messinaoggi.it\/website\/wp-json\/wp\/v2\/posts\/125835\/revisions"}],"wp:featuredmedia":[{"embeddable":true,"href":"https:\/\/www.messinaoggi.it\/website\/wp-json\/wp\/v2\/media\/125836"}],"wp:attachment":[{"href":"https:\/\/www.messinaoggi.it\/website\/wp-json\/wp\/v2\/media?parent=125835"}],"wp:term":[{"taxonomy":"category","embeddable":true,"href":"https:\/\/www.messinaoggi.it\/website\/wp-json\/wp\/v2\/categories?post=125835"},{"taxonomy":"post_tag","embeddable":true,"href":"https:\/\/www.messinaoggi.it\/website\/wp-json\/wp\/v2\/tags?post=125835"}],"curies":[{"name":"wp","href":"https:\/\/api.w.org\/{rel}","templated":true}]}}