{"id":12580,"date":"2017-12-06T15:30:52","date_gmt":"2017-12-06T14:30:52","guid":{"rendered":"http:\/\/www.messinaoggi.it\/website\/?p=12580"},"modified":"2017-12-06T15:30:52","modified_gmt":"2017-12-06T14:30:52","slug":"messina-gioveni-preoccupato-per-la-relazione-del-collegio-dei-revisori-dei-conti-sul-bilancio-consuntivo-2016","status":"publish","type":"post","link":"https:\/\/www.messinaoggi.it\/website\/2017\/12\/06\/messina-gioveni-preoccupato-per-la-relazione-del-collegio-dei-revisori-dei-conti-sul-bilancio-consuntivo-2016\/","title":{"rendered":"Messina, Gioveni: &#039;Preoccupato per la relazione del Collegio dei Revisori dei Conti sul Bilancio Consuntivo 2016&#039;"},"content":{"rendered":"<p><span style=\"color: #000000\"><span style=\"font-family: Arial, sans-serif\"><span style=\"font-size: medium\">&#8220;Non pu\u00f2 di certo far dormire sonni tranquilli a chi, come il sottoscritto, ha votato convintamente a inizio mandato il piano di riequilibrio e la sua successiva rimodulazione, perch\u00e9 credeva di scacciare via il fantasma del default, che continuo a giudicare una vera iattura per la nostra citt\u00e0&#8221;. Cos\u00ec il consigliere comunale Libero Gioveni, commentando la relazione del Collegio dei Revisori dei Conti sul Bilancio Consuntivo 2016 rilasciata ieri pomeriggio che potrebbe, a detta del consigliere, influenzare il voto finale dell&#8217;Aula sul Rendiconto: &#8220;Se negativo \u2013 prosegue Gioveni \u2013 si rivelerebbe certamente deleterio anche sotto il profilo occupazionale, visto che il Bilancio Consuntivo 2016 rappresenta l&#8217;ultimo atto richiesto dalla Commissione ministeriale affinch\u00e8 si pronunci positivamente nei prossimi giorni sul piano triennale delle assunzioni (ivi compresi quelli per i 23 agenti concorsisiti)&#8221;.<\/span><\/span><\/span><br \/>\n<span style=\"color: #000000\"><span style=\"font-family: Arial, sans-serif\"><span style=\"font-size: medium\">&#8220;Diverse le criticit\u00e0 evidenziate dai Revisori &#8211; afferma Gioveni &#8211; su cui l&#8217;Amministrazione certamente, oltre a fare &#8216;mea culpa&#8217;, dovr\u00e0 subito correggere il tiro per evitare di peggiorare una situazione finanziaria gi\u00e0 notoriamente deficitaria.<\/span><\/span><\/span><br \/>\n<span style=\"color: #000000\"><span style=\"font-family: Arial, sans-serif\"><span style=\"font-size: medium\">Fra queste mi preme evidenziare:<\/span><\/span><\/span><br \/>\n<span style=\"color: #000000\"><span style=\"font-family: Arial, sans-serif\"><span style=\"font-size: medium\">1) il mancato rispetto delle previsioni per i quali l&#8217;Ente si era impegnato per garantire la sostenibilit\u00e0 del piano di riequilibrio (e questo la dice lunga sulla possibilit\u00e0 di ricevere l&#8217;approvazione da parte del Ministero per accedere al fondo di rotazione);<\/span><\/span><\/span><br \/>\n<span style=\"color: #000000\"><span style=\"font-family: Arial, sans-serif\"><span style=\"font-size: medium\">2) la scarsa capacit\u00e0 di riscossione dei proventi per violazione del codice della strada (riusciamo in pratica ad incassare solo il 6,46% delle potenziali entrate);<\/span><\/span><\/span><br \/>\n<span style=\"color: #000000\"><span style=\"font-family: Arial, sans-serif\"><span style=\"font-size: medium\">3) gli elevatissimi costi di alcuni servizi a domanda individuale rispetto agli incassi delle rette (fra tutti emergono negativamente gli asili nido che hanno incassato nel 2016 solo 44.000 euro a fronte di 526.000 euro di costi con un&#8217;incidenza del 8,37%, gli impianti sportivi che a fronte di 1 milione e mezzo di perdite hanno incassato solo 50.000 euro, quindi solo il 3,27% e infine la casa di riposo che su 1 milione e 800 euro di costi ha incassato solo il 5,68% che equivale ad appena 103.000 euro);<\/span><\/span><\/span><br \/>\n<span style=\"color: #000000\"><span style=\"font-family: Arial, sans-serif\"><span style=\"font-size: medium\">4) i ritardi nell&#8217;approvazione dei bilanci delle societ\u00e0 partecipate, criticit\u00e0 che non consente di monitorare e pianificare i servizi svolti.<\/span><\/span><\/span><br \/>\n<span style=\"color: #000000\"><span style=\"font-family: Arial, sans-serif\"><span style=\"font-size: medium\">E a proposito di societ\u00e0 partecipate &#8211; rimarca infine l&#8217;esponente del gruppo Misto &#8211; salta all&#8217;occhio la divergenza di vedute fra il Collegio e l&#8217;Amministrazione sull&#8217;inserimento o meno del relativo personale nella spesa complessiva del personale comunale rispetto ai limiti previsti dalla normativa vigente&#8221;.<\/span><\/span><\/span><div id=\"div-gpt-ad-Messinaoggi.it-DSK-300x250-corpoart\" style=\"text-align:center;margin:0 auto;\"><\/div><\/p>\n<div id=\"videoincontent\" style=\"clear:both\";><\/div>","protected":false},"excerpt":{"rendered":"<p>&#8220;Non pu\u00f2 di certo far dormire sonni tranquilli a chi, come il sottoscritto, ha votato convintamente a inizio mandato il piano di riequilibrio e la sua successiva rimodulazione, perch\u00e9 credeva di scacciare via il fantasma del default, che continuo a giudicare una vera iattura per la nostra citt\u00e0&#8221;. Cos\u00ec il consigliere comunale Libero Gioveni, commentando [&hellip;]<\/p>\n","protected":false},"author":8,"featured_media":496,"comment_status":"closed","ping_status":"open","sticky":false,"template":"","format":"standard","meta":{"ub_ctt_via":"","_mi_skip_tracking":false},"categories":[4],"tags":[],"featured_image_src":"https:\/\/www.messinaoggi.it\/website\/wp-content\/uploads\/2017\/05\/Palazzo-Zanca-2.jpg","author_info":{"display_name":"red..me","author_link":"https:\/\/www.messinaoggi.it\/website\/author\/redstage\/"},"digistream_id":0,"digistream":false,"_links":{"self":[{"href":"https:\/\/www.messinaoggi.it\/website\/wp-json\/wp\/v2\/posts\/12580"}],"collection":[{"href":"https:\/\/www.messinaoggi.it\/website\/wp-json\/wp\/v2\/posts"}],"about":[{"href":"https:\/\/www.messinaoggi.it\/website\/wp-json\/wp\/v2\/types\/post"}],"author":[{"embeddable":true,"href":"https:\/\/www.messinaoggi.it\/website\/wp-json\/wp\/v2\/users\/8"}],"replies":[{"embeddable":true,"href":"https:\/\/www.messinaoggi.it\/website\/wp-json\/wp\/v2\/comments?post=12580"}],"version-history":[{"count":0,"href":"https:\/\/www.messinaoggi.it\/website\/wp-json\/wp\/v2\/posts\/12580\/revisions"}],"wp:featuredmedia":[{"embeddable":true,"href":"https:\/\/www.messinaoggi.it\/website\/wp-json\/wp\/v2\/media\/496"}],"wp:attachment":[{"href":"https:\/\/www.messinaoggi.it\/website\/wp-json\/wp\/v2\/media?parent=12580"}],"wp:term":[{"taxonomy":"category","embeddable":true,"href":"https:\/\/www.messinaoggi.it\/website\/wp-json\/wp\/v2\/categories?post=12580"},{"taxonomy":"post_tag","embeddable":true,"href":"https:\/\/www.messinaoggi.it\/website\/wp-json\/wp\/v2\/tags?post=12580"}],"curies":[{"name":"wp","href":"https:\/\/api.w.org\/{rel}","templated":true}]}}