{"id":125785,"date":"2022-10-14T16:07:55","date_gmt":"2022-10-14T14:07:55","guid":{"rendered":"https:\/\/www.messinaoggi.it\/website\/2022\/10\/14\/camera-letta-fontana-allontana-litalia-dal-cuore-delleuropa\/"},"modified":"2022-10-14T16:07:55","modified_gmt":"2022-10-14T14:07:55","slug":"camera-letta-fontana-allontana-litalia-dal-cuore-delleuropa","status":"publish","type":"post","link":"https:\/\/www.messinaoggi.it\/website\/2022\/10\/14\/camera-letta-fontana-allontana-litalia-dal-cuore-delleuropa\/","title":{"rendered":"Camera, Letta \u201cFontana allontana l\u2019Italia dal cuore dell\u2019Europa\u201d"},"content":{"rendered":"<div>ROMA (ITALPRESS) &#8211; &#8220;Ci hanno raccontato in questi giorni e durante la campagna elettorale che ci sarebbe stata moderazione, continuit\u00e0, scelte nell&#8217;interesse del Paese. Mi sembra che la scelta di oggi vada esattamente contro l&#8217;interesse dell&#8217;Italia. Una scelta che sposta l&#8217;Italia sempre pi\u00f9 lontana dal cuore sell&#8221;Europa. Una scelta sbagliata che conferma quanto abbiamo sempre pensato: questa nn \u00e8 una maggioranza che si \u00e8 spostata sempre pi\u00f9 a destra, verso il sovranismo&#8221;. Cos\u00ec il segretario del Pd, Enrico Letta, uscendo da Montecitorio dopo l&#8217;elezione di Lorenzo Fontana a presidente della Camera.<br \/>&#8220;La scelta di oggi trovar\u00e0 alcuni fuori dall&#8217;Italia che saranno sicuramente contenti. Penso che Putin sia il primo ad esserlo. E&#8217; una scelta profondamente sbagliata e noi saremo convintamente e ancora di pi\u00f9 all&#8217;opposizione&#8221;, ha aggiunto.<div id=\"div-gpt-ad-Messinaoggi.it-DSK-300x250-corpoart\" style=\"text-align:center;margin:0 auto;\"><\/div><\/p>\n<p>&#8211; foto Agenziafotogramma.it &#8211;<div id=\"videoincontent\" style=\"clear:both\";><\/div><\/p>\n<p>(ITALPRESS).<\/p><\/div>\n","protected":false},"excerpt":{"rendered":"<p>ROMA (ITALPRESS) &#8211; &#8220;Ci hanno raccontato in questi giorni e durante la campagna elettorale che ci sarebbe stata moderazione, continuit\u00e0, scelte nell&#8217;interesse del Paese. Mi sembra che la scelta di oggi vada esattamente contro l&#8217;interesse dell&#8217;Italia. Una scelta che sposta l&#8217;Italia sempre pi\u00f9 lontana dal cuore sell&#8221;Europa. Una scelta sbagliata che conferma quanto abbiamo sempre [&hellip;]<\/p>\n","protected":false},"author":18,"featured_media":125786,"comment_status":"closed","ping_status":"closed","sticky":false,"template":"","format":"standard","meta":{"ub_ctt_via":"","_mi_skip_tracking":false},"categories":[446],"tags":[783],"featured_image_src":"https:\/\/www.messinaoggi.it\/website\/wp-content\/uploads\/2022\/10\/20221014_1397.jpg","author_info":{"display_name":"Admin","author_link":"https:\/\/www.messinaoggi.it\/website\/author\/admin\/"},"digistream_id":0,"digistream":false,"_links":{"self":[{"href":"https:\/\/www.messinaoggi.it\/website\/wp-json\/wp\/v2\/posts\/125785"}],"collection":[{"href":"https:\/\/www.messinaoggi.it\/website\/wp-json\/wp\/v2\/posts"}],"about":[{"href":"https:\/\/www.messinaoggi.it\/website\/wp-json\/wp\/v2\/types\/post"}],"author":[{"embeddable":true,"href":"https:\/\/www.messinaoggi.it\/website\/wp-json\/wp\/v2\/users\/18"}],"replies":[{"embeddable":true,"href":"https:\/\/www.messinaoggi.it\/website\/wp-json\/wp\/v2\/comments?post=125785"}],"version-history":[{"count":0,"href":"https:\/\/www.messinaoggi.it\/website\/wp-json\/wp\/v2\/posts\/125785\/revisions"}],"wp:featuredmedia":[{"embeddable":true,"href":"https:\/\/www.messinaoggi.it\/website\/wp-json\/wp\/v2\/media\/125786"}],"wp:attachment":[{"href":"https:\/\/www.messinaoggi.it\/website\/wp-json\/wp\/v2\/media?parent=125785"}],"wp:term":[{"taxonomy":"category","embeddable":true,"href":"https:\/\/www.messinaoggi.it\/website\/wp-json\/wp\/v2\/categories?post=125785"},{"taxonomy":"post_tag","embeddable":true,"href":"https:\/\/www.messinaoggi.it\/website\/wp-json\/wp\/v2\/tags?post=125785"}],"curies":[{"name":"wp","href":"https:\/\/api.w.org\/{rel}","templated":true}]}}