{"id":12572,"date":"2017-12-06T11:20:15","date_gmt":"2017-12-06T10:20:15","guid":{"rendered":"http:\/\/www.messinaoggi.it\/website\/?p=12572"},"modified":"2017-12-06T11:20:15","modified_gmt":"2017-12-06T10:20:15","slug":"capo-dorlando-si-accende-per-il-natale-il-programma-delle-iniziative","status":"publish","type":"post","link":"https:\/\/www.messinaoggi.it\/website\/2017\/12\/06\/capo-dorlando-si-accende-per-il-natale-il-programma-delle-iniziative\/","title":{"rendered":"Capo d&#039;Orlando si accende per il Natale. Il programma delle iniziative"},"content":{"rendered":"<p align=\"LEFT\"><span style=\"color: #000000\"><span style=\"font-family: Arial, sans-serif\"><span style=\"font-size: medium\">Ce ne sono di tutti i tipi per queste festivit\u00e0 natalizie. Da quello pi\u00f9 tradizionale su scala ridotta a quello a grandezza naturale, senza dimenticare tra l&#8217;altro quello vivente. Stiamo parlando dei presepi di Capo d&#8217;Orlando, fiore all&#8217;occhiello del comune tirrenico, che quest&#8217;anno saranno pi\u00f9 grandi e pi\u00f9 numerosi: \u201c<i>E&#8217; solo un inizio, &#8211;<\/i> ha dichiarato il sindaco Franco Ingrill\u00ec, il quale ha presentato assieme all&#8217;assessore al ramo, Rosario Milone, le principali attivit\u00e0 organizzate per il periodo natalizio &#8211;<i> perch\u00e9 contiamo di coinvolgere sempre pi\u00f9 le frazioni nella festa pi\u00f9 bella dell&#8217;anno. Il Natale \u00e8 un momento di aggregazione ma anche di movimento e noi intendiamo sfruttare al meglio questo periodo per creare le condizioni per un ritorno economico in favore delle attivit\u00e0 commerciali con le quali intendiamo realizzare una sinergia sempre maggiore\u201d.<\/i><\/span><\/span><\/span><div id=\"div-gpt-ad-Messinaoggi.it-DSK-300x250-corpoart\" style=\"text-align:center;margin:0 auto;\"><\/div><\/p>\n<p align=\"LEFT\"><span style=\"color: #000000\">\u201c<span style=\"font-family: Arial, sans-serif\"><span style=\"font-size: medium\"><i>Dal Presepe allestito nell&#8217;isola pedonale, che ogni anno diventa sempre pi\u00f9 grande e che in questa edizione avr\u00e0 anche un &#8216;effetto selfie&#8217; per consentire di scattare foto e di postarle sui social, all&#8217;animazione musicale per tutti i gusti con le cornamuse scozzesi e le bande musicali cittadine, &#8211; <\/i>ha spiegato l&#8217;assessore Milone<i> &#8211; abbiamo cercato di allestire un calendario che davvero soddisfi tutte le et\u00e0, grazie anche al contributi di tante associazioni senza dimenticare i bambini con tante animazioni rivolte a loro, dalla tombola alle letterine di Babbo Natale<\/i>\u201d.<\/span><\/span><\/span><div id=\"videoincontent\" style=\"clear:both\";><\/div><\/p>\n<p align=\"LEFT\"><strong><span style=\"color: #000000\"><span style=\"font-family: Arial, sans-serif\"><span style=\"font-size: medium\">Di seguito il programma previsto per queste feste di Natale:<\/span><\/span><\/span><\/strong><\/p>\n<p align=\"LEFT\"><span style=\"font-family: Arial, sans-serif\"><span style=\"font-size: medium\"><b>Venerd\u00ec 8 <\/b><\/span><\/span><\/p>\n<p align=\"LEFT\"><span style=\"font-family: Arial, sans-serif\"><span style=\"font-size: medium\">&#8211; Ore 17.00 \u2013 Isola Pedonale &#8211; Apertura VI Edizione \u201cMercatino di Natale\u201d e Inaugurazione della III Edizione del Presepe Siciliano;<\/span><\/span><\/p>\n<p align=\"LEFT\"><span style=\"color: #000000\"><span style=\"font-family: Arial, sans-serif\"><span style=\"font-size: medium\">&#8211; Per le vie del paese &#8211; \u201cLa Banda di Babbo Natale\u201d Associazione Culturale Musicale \u201c Citt\u00e0 di Capo d&#8217; Orlando\u201d;<\/span><\/span><\/span><\/p>\n<p align=\"LEFT\"><span style=\"font-family: Arial, sans-serif\"><span style=\"font-size: medium\">&#8211; Dalle ore 18.00 &#8211; Per le vie del paese &#8211; Gli Zampognari dell&#8217; Etna;<\/span><\/span><\/p>\n<p align=\"LEFT\"><span style=\"font-family: Arial, sans-serif\"><span style=\"font-size: medium\"><b>Sabato 9 <\/b><\/span><\/span><\/p>\n<p align=\"LEFT\"><span style=\"font-family: Arial, sans-serif\"><span style=\"font-size: medium\">&#8211; Ore 17.00 &#8211; Isola Pedonale &#8211; Animazione itinerante con trampolieri , giocolieri, scultori di palloncini;<\/span><\/span><\/p>\n<p align=\"LEFT\"><span style=\"font-family: Arial, sans-serif\"><span style=\"font-size: medium\"><b>Domenica 10<\/b><\/span><\/span><\/p>\n<p align=\"LEFT\"><span style=\"font-family: Arial, sans-serif\"><span style=\"font-size: medium\">&#8211; Ore 17.00 &#8211; Isola Pedonale &#8211; Animazione itinerante con trampolieri , giocolieri, <span style=\"color: #000000\">scultori di palloncini;<\/span><\/span><\/span><\/p>\n<p align=\"LEFT\"><span style=\"color: #000000\"><span style=\"font-family: Arial, sans-serif\"><span style=\"font-size: medium\">&#8211; Ore 17.00 \u2013 Per le vie del Paese &#8211; \u201c Little Band S.Lucia\u201d, a cura dell&#8217; Ass. Culturale, Musicale <\/span><\/span><\/span><\/p>\n<p align=\"LEFT\"><span style=\"color: #000000\"> \u201c <span style=\"font-family: Arial, sans-serif\"><span style=\"font-size: medium\">S.Lucia\u201d<\/span><\/span><span style=\"font-family: Arial, sans-serif\"><b>;<\/b><\/span><\/span><\/p>\n<p align=\"LEFT\"><span style=\"font-family: Arial, sans-serif\"><span style=\"font-size: medium\"><b>Gioved\u00ec 14 <\/b><\/span><\/span><\/p>\n<p align=\"LEFT\"><span style=\"font-family: Arial, sans-serif\"><span style=\"font-size: medium\">&#8211; Ore 21.00 &#8211; Cineteatro \u201cAlessandra Di Bello \u2013 Live Band\u201d &#8211; Concerto di fine tour 2017;<\/span><\/span><\/p>\n<p align=\"LEFT\"><span style=\"font-family: Arial, sans-serif\"><span style=\"font-size: medium\"><b>Sabato 16<\/b><\/span><\/span><\/p>\n<p align=\"LEFT\"><span style=\"color: #000000\"><span style=\"font-family: Arial, sans-serif\"><span style=\"font-size: medium\">Porto Turistico : \u201c Natale al Porto\u201d &#8211; Mercatini Artigianali , laboratori per bambini ed esposizione dei presepi <\/span><\/span><\/span><\/p>\n<p align=\"LEFT\"><span style=\"font-family: Arial, sans-serif\"><span style=\"font-size: medium\">&#8211; Ore 17.00 \u2013 Isola Pedonale &#8211; Spettacolo itinerante con la \u201cChristmas Dixieland Band\u201d;<\/span><\/span><\/p>\n<p align=\"LEFT\"><span style=\"font-family: Arial, sans-serif\"><span style=\"font-size: medium\"><b>Domenica 17<\/b><\/span><\/span><\/p>\n<p align=\"LEFT\"><span style=\"color: #000000\"><span style=\"font-family: Arial, sans-serif\"><span style=\"font-size: medium\">Porto Turistico : \u201c Natale al Porto\u201d &#8211; Mercatini Artigianali , laboratori per bambini ed esposizione dei presepi <\/span><\/span><\/span><\/p>\n<p align=\"LEFT\"><span style=\"font-family: Arial, sans-serif\"><span style=\"font-size: medium\">&#8211; Ore 18.00 &#8211; Isola Pedonale &#8211; \u201cNenie di Natale\u201d Gruppo Vocale Strumentale<\/span><\/span><\/p>\n<p align=\"LEFT\"><span style=\"font-family: Arial, sans-serif\"><span style=\"font-size: medium\"><b>Mercoled\u00ec 20 <\/b><\/span><\/span><\/p>\n<p align=\"LEFT\"><span style=\"font-family: Arial, sans-serif\"><span style=\"font-size: medium\">&#8211; Ore 21.00 &#8211; Pala Valenti \u2013 Saggio : Spettacolo Natalizio \u201cBallerina\u201d a cura della Scuola \u201cTersicore, Arte Danza\u201d<\/span><\/span><\/p>\n<p align=\"LEFT\"><span style=\"font-family: Arial, sans-serif\"><span style=\"font-size: medium\"><b>Sabato 23 <\/b><\/span><\/span><\/p>\n<p align=\"LEFT\"><span style=\"color: #000000\"><span style=\"font-family: Arial, sans-serif\"><span style=\"font-size: medium\">&#8211; Ore 16.00 &#8211; Piazza Municipio &#8211; Tombola Itinerante per Bambini a cura dell&#8217; Associazione Culturale \u201cTandem\u201d;<\/span><\/span><\/span><\/p>\n<p align=\"LEFT\"><span style=\"font-family: Arial, sans-serif\"><span style=\"font-size: medium\">&#8211; Ore 18.00 \u2013 Per le vie del paese &#8211; Sfilata del gruppo \u201cMarsa Pipers Band\u201d<b>&#8211; <\/b>Cornamuse <span style=\"color: #000000\">Scozzesi;<\/span><\/span><\/span><\/p>\n<p align=\"LEFT\"><span style=\"color: #000000\"><span style=\"font-family: Arial, sans-serif\"><span style=\"font-size: medium\">&#8211; Ore 19.00 \u2013 Isola Pedonale &#8211; \u201cConcerto di Natale sotto l&#8217; albero\u201d a cura dell&#8217; Associazione Culturale Musicale \u201c Citt\u00e0 di Capo d&#8217; Orlando\u201d;<\/span><\/span><\/span><\/p>\n<p align=\"LEFT\"><span style=\"color: #000000\"><span style=\"font-family: Arial, sans-serif\"><span style=\"font-size: medium\">&#8211; Ore 21.30 &#8211; Porto Turistico &#8211; \u201cNatale al Porto\u201d &#8211; Concerto di Marco Corrao <\/span><\/span><\/span><\/p>\n<p align=\"LEFT\"><span style=\"font-family: Arial, sans-serif\"><span style=\"font-size: medium\"><b>Domenica 24 <\/b><\/span><\/span><\/p>\n<p align=\"LEFT\"><span style=\"font-family: Arial, sans-serif\"><span style=\"font-size: medium\">&#8211; Ore 18.00 \u2013 Consegna delle Letterine a Babbo Natale<\/span><\/span><\/p>\n<p align=\"LEFT\"><span style=\"font-family: Arial, sans-serif\"><span style=\"font-size: medium\">&#8211; Dalle ore 18.30 &#8211; Per le vie del paese &#8211; Babbo Natale e gli Zampognari dell&#8217; Etna;<\/span><\/span><\/p>\n<p align=\"LEFT\"><span style=\"color: #000000\"><span style=\"font-family: Arial, sans-serif\"><span style=\"font-size: medium\"><b>Luned\u00ec 25 <\/b><\/span><\/span><\/span><\/p>\n<p align=\"LEFT\"><span style=\"font-family: Arial, sans-serif\"><span style=\"font-size: medium\"><span style=\"color: #000000\"><b>&#8211; <\/b><\/span><span style=\"color: #000000\">Ore 19.00 \u2013 Isola Pedonale \u2013 Concerto Vocale Strumentale<\/span><span style=\"color: #000000\"><b> \u201c<\/b><\/span><span style=\"color: #000000\">Christmas Songs\u201d<\/span><\/span><\/span><\/p>\n<p align=\"LEFT\"><span style=\"font-family: Arial, sans-serif\"><span style=\"font-size: medium\"><b>Marted\u00ec 26 <\/b><\/span><\/span><\/p>\n<ol>\n<li>\n<p align=\"LEFT\"><span style=\"font-family: Arial, sans-serif\"><span style=\"font-size: medium\">Ore 17.00 &#8211; Isola Pedonale &#8211; Animazione itinerante con trampolieri , giocolieri, scultori di palloncini;<\/span><\/span><\/p>\n<\/li>\n<li>\n<p align=\"LEFT\"><span style=\"font-family: Arial, sans-serif\"><span style=\"font-size: medium\">Ore 18. 30 &#8211; Chiesa Santa Lucia &#8211; \u201cXI Concerto di Natale &#8211; Parte Prima\u201d;<\/span><\/span><\/p>\n<\/li>\n<\/ol>\n<p align=\"LEFT\"><span style=\"font-family: Arial, sans-serif\"><span style=\"font-size: medium\"><b>Mercoled\u00ec 2<\/b><\/span><\/span><\/p>\n<p align=\"LEFT\"><span style=\"font-family: Arial, sans-serif\"><span style=\"font-size: medium\">&#8211; Ore 18.00 &#8211; Castello Bastione &#8211; \u201c Presepe Vivente\u201d<\/span><\/span><\/p>\n<p align=\"LEFT\"><span style=\"font-family: Arial, sans-serif\"><span style=\"font-size: medium\"><b>Gioved\u00ec 28<\/b><\/span><\/span><\/p>\n<p align=\"LEFT\"><span style=\"font-family: Arial, sans-serif\"><span style=\"font-size: medium\">&#8211; Ore 20.00 &#8211; Chiesa Cristo Re &#8211; Note di Natale 2017 Rassegna di musica sacra e natalizie in collaborazione con gli allievi dell&#8217; Accademia della Musica;<\/span><\/span><\/p>\n<p align=\"LEFT\"><span style=\"font-family: Arial, sans-serif\"><span style=\"font-size: medium\"><b>Venerd\u00ec 29 <\/b><\/span><\/span><\/p>\n<p align=\"LEFT\"><span style=\"font-family: Arial, sans-serif\"><span style=\"font-size: medium\">&#8211; Ore 19.00 &#8211; Biblioteca Comunale \u201cSala Tano Cuva\u201d &#8211; Concerto di Giuseppe Lazzaro ( Violino) e Maria Mascali ( Pianoforte)<\/span><\/span><\/p>\n<p align=\"LEFT\"><span style=\"font-family: Arial, sans-serif\"><span style=\"font-size: medium\"><b>Sabato 30<\/b><\/span><\/span><\/p>\n<p align=\"LEFT\"><span style=\"font-family: Arial, sans-serif\"><span style=\"font-size: medium\">&#8211; Ore 17.00 \u2013 Isola Pedonale &#8211; Spettacolo itinerante con la Christmas Dixieland Band;<\/span><\/span><\/p>\n<p align=\"LEFT\"><span style=\"font-family: Arial, sans-serif\"><span style=\"font-size: medium\">&#8211; Ore 18.00 \u2013 Castello Bastione &#8211; \u201c Presepe Vivente\u201d<\/span><\/span><\/p>\n<p align=\"LEFT\"><span style=\"font-family: Arial, sans-serif\"><span style=\"font-size: medium\"><b>GENNAIO 2018<\/b><\/span><\/span><\/p>\n<p align=\"LEFT\"><span style=\"font-family: Arial, sans-serif\"><span style=\"font-size: medium\"><b>L<\/b><span style=\"color: #000000\"><b>uned\u00ec 1<\/b><\/span><\/span><\/span><\/p>\n<p align=\"LEFT\"><span style=\"color: #000000\"><span style=\"font-family: Arial, sans-serif\"><span style=\"font-size: medium\">&#8211; Ore 19.00 \u2013 Isola Pedonale \u2013 Concerto Vocale Strumentale \u201cChristmas Melody\u201d<\/span><\/span><\/span><\/p>\n<p align=\"LEFT\"><span style=\"font-family: Arial, sans-serif\"><span style=\"font-size: medium\"><b>Gioved\u00ec 4<\/b><\/span><\/span><\/p>\n<p align=\"LEFT\"><span style=\"font-family: Arial, sans-serif\"><span style=\"font-size: medium\"><b>&#8211; O<\/b>re 19.00 \u2013 Biblioteca Comunale Sala Tano Cuva &#8211; Note di Natale 2017 &#8211; Concerto \u201c Due Secoli in 2\u201d, Duo di Clarinetti Giuseppe F. Corpina e Manuela Pinto, direzione artistica a cura dell&#8217; Accademia della Musica <\/span><\/span><\/p>\n<p align=\"LEFT\"><span style=\"font-family: Arial, sans-serif\"><span style=\"font-size: medium\"><b>Venerd\u00ec 5<\/b><\/span><\/span><\/p>\n<p align=\"LEFT\"><span style=\"font-family: Arial, sans-serif\"><span style=\"font-size: medium\">&#8211; Ore 18.30 &#8211; Chiesa Santa Lucia &#8211; \u201c XI Concerto di Natale &#8211; Parte Seconda\u201d;<\/span><\/span><\/p>\n<p align=\"LEFT\"><span style=\"font-family: Arial, sans-serif\"><span style=\"font-size: medium\"><b>Sabato 6 <\/b><\/span><\/span><\/p>\n<p align=\"LEFT\"><span style=\"color: #000000\"><span style=\"font-family: Arial, sans-serif\"><span style=\"font-size: medium\">&#8211; Ore 16.00 &#8211; Piazza Municipio &#8211; Tombola Itinerante per Bambini a cura dell&#8217; Associazione Culturale \u201cTandem\u201d;<\/span><\/span><\/span><\/p>\n<p align=\"LEFT\"><span style=\"color: #000000\"><span style=\"font-family: Arial, sans-serif\"><span style=\"font-size: medium\">&#8211; Dalle ore 17.00 &#8211; Isola Pedonale &#8211; \u201cArriva la Befana\u201d, animazione itinerante con trampolieri , giocolieri, scultori di palloncini;<\/span><\/span><\/span><\/p>\n<p align=\"LEFT\"><span style=\"color: #000000\"><span style=\"font-family: Arial, sans-serif\"><span style=\"font-size: medium\">&#8211; Ore 18.00 \u2013 Castello Bastione &#8211; \u201cPresepe Vivente\u201d<\/span><\/span><\/span><\/p>\n<p align=\"LEFT\"><span style=\"font-family: Arial, sans-serif\"><span style=\"font-size: medium\"><b>Domenica 7<\/b><\/span><\/span><\/p>\n<p align=\"LEFT\"><span style=\"font-family: Arial, sans-serif\"><span style=\"font-size: medium\">&#8211; Ore 17.00 \u2013 Per le vie del Paese &#8211; \u201c Little Band S.Lucia\u201d, a cura dell&#8217; Ass. Culturale, Musicale \u201cS.Lucia\u201d<\/span><\/span><\/p>\n<p align=\"LEFT\"><span style=\"font-family: Arial, sans-serif\"><span style=\"font-size: medium\"><b>&#8211; Dalle Ore 17.00 alle ore 24.00 &#8211; Isola Pedonale &#8211; \u201cMercatino di Natale\u201d Esposizione e Degustazione di Prodotti Tipici dall&#8217; 08 Dicembre al 07 Gennaio 2018<\/b><\/span><\/span><\/p>\n<p align=\"LEFT\"><span style=\"font-family: Arial, sans-serif\"><span style=\"font-size: medium\"><b>&#8211; Dall&#8217; 8 Dicembre al 7 Gennaio 2018 \u2013 Chiesa Maria SS. Di Porto Salvo \u2013 Mostra dei Presepi<\/b><\/span><\/span><\/p>\n<p align=\"LEFT\"><span style=\"font-family: Arial, sans-serif\"><span style=\"font-size: medium\">Orari di Apertura : <\/span><\/span><\/p>\n<p align=\"LEFT\"><span style=\"font-family: Arial, sans-serif\"><span style=\"font-size: medium\">Da Luned\u00ec a Venerd\u00ec: ore 16.00 \/20.00<\/span><\/span><\/p>\n<p align=\"LEFT\"><span style=\"font-family: Arial, sans-serif\"><span style=\"font-size: medium\">Sabato: ore 16.00 \/21.00<\/span><\/span><\/p>\n<p align=\"LEFT\"><span style=\"font-family: Arial, sans-serif\"><span style=\"font-size: medium\">Domenica: ore 10.00\/13.00 e 16.00\/21.00<\/span><\/span><\/p>\n<p align=\"LEFT\"><span style=\"color: #000000\"><span style=\"font-family: Arial, sans-serif\"><span style=\"font-size: medium\"><b>&#8211; Dal 16 al 24 Dicembre 2017 \u2013 Isola Pedonale &#8211; \u201cIl Laboratorio degli Elfi\u201d<\/b> dove vivere la Magia del Natale tra laboratori creativi e di cucina, a cura dell&#8217; Associazione \u201c Gusto &amp; Creativit\u00e0\u201d <\/span><\/span><\/span><\/p>\n","protected":false},"excerpt":{"rendered":"<p>Ce ne sono di tutti i tipi per queste festivit\u00e0 natalizie. Da quello pi\u00f9 tradizionale su scala ridotta a quello a grandezza naturale, senza dimenticare tra l&#8217;altro quello vivente. Stiamo parlando dei presepi di Capo d&#8217;Orlando, fiore all&#8217;occhiello del comune tirrenico, che quest&#8217;anno saranno pi\u00f9 grandi e pi\u00f9 numerosi: \u201cE&#8217; solo un inizio, &#8211; ha [&hellip;]<\/p>\n","protected":false},"author":8,"featured_media":12574,"comment_status":"closed","ping_status":"open","sticky":false,"template":"","format":"standard","meta":{"ub_ctt_via":"","_mi_skip_tracking":false},"categories":[13,14],"tags":[],"featured_image_src":"https:\/\/www.messinaoggi.it\/website\/wp-content\/uploads\/2017\/12\/banner-2017-2018-natale-capo-dorlando.jpg","author_info":{"display_name":"red..me","author_link":"https:\/\/www.messinaoggi.it\/website\/author\/redstage\/"},"digistream_id":0,"digistream":false,"_links":{"self":[{"href":"https:\/\/www.messinaoggi.it\/website\/wp-json\/wp\/v2\/posts\/12572"}],"collection":[{"href":"https:\/\/www.messinaoggi.it\/website\/wp-json\/wp\/v2\/posts"}],"about":[{"href":"https:\/\/www.messinaoggi.it\/website\/wp-json\/wp\/v2\/types\/post"}],"author":[{"embeddable":true,"href":"https:\/\/www.messinaoggi.it\/website\/wp-json\/wp\/v2\/users\/8"}],"replies":[{"embeddable":true,"href":"https:\/\/www.messinaoggi.it\/website\/wp-json\/wp\/v2\/comments?post=12572"}],"version-history":[{"count":0,"href":"https:\/\/www.messinaoggi.it\/website\/wp-json\/wp\/v2\/posts\/12572\/revisions"}],"wp:featuredmedia":[{"embeddable":true,"href":"https:\/\/www.messinaoggi.it\/website\/wp-json\/wp\/v2\/media\/12574"}],"wp:attachment":[{"href":"https:\/\/www.messinaoggi.it\/website\/wp-json\/wp\/v2\/media?parent=12572"}],"wp:term":[{"taxonomy":"category","embeddable":true,"href":"https:\/\/www.messinaoggi.it\/website\/wp-json\/wp\/v2\/categories?post=12572"},{"taxonomy":"post_tag","embeddable":true,"href":"https:\/\/www.messinaoggi.it\/website\/wp-json\/wp\/v2\/tags?post=12572"}],"curies":[{"name":"wp","href":"https:\/\/api.w.org\/{rel}","templated":true}]}}