{"id":125626,"date":"2022-10-13T19:32:51","date_gmt":"2022-10-13T17:32:51","guid":{"rendered":"https:\/\/www.messinaoggi.it\/website\/2022\/10\/13\/schifani-nuovo-presidente-della-regione-gli-interessi-dei-siciliani-vanno-privilegiati\/"},"modified":"2022-10-13T19:32:51","modified_gmt":"2022-10-13T17:32:51","slug":"schifani-nuovo-presidente-della-regione-gli-interessi-dei-siciliani-vanno-privilegiati","status":"publish","type":"post","link":"https:\/\/www.messinaoggi.it\/website\/2022\/10\/13\/schifani-nuovo-presidente-della-regione-gli-interessi-dei-siciliani-vanno-privilegiati\/","title":{"rendered":"Schifani nuovo presidente della Regione \u201cGli interessi dei siciliani vanno privilegiati\u201d"},"content":{"rendered":"<div>\n<p>PALERMO (ITALPRESS) \u2013 Renato Schifani \u00e8 il nuovo presidente della Regione Siciliana. Lo ha proclamato, durante una cerimonia alla Corte d\u2019appello di Palermo, il presidente dell\u2019Ufficio centrale regionale per l\u2019elezione del presidente della Regione e dei deputati dell\u2019Assemblea regionale siciliana, Giacomo Montalbano.<br \/>Schifani, candidato della coalizione di centrodestra, \u00e8 risultato il pi\u00f9 votato nel corso della consultazione elettorale dello scorso 25 settembre con 894.306 voti e succede a Nello Musumeci. <br \/>Settantadue anni, laureato in Giurisprudenza, per anni ha esercitato la professione di avvocato. Entrato in Forza Italia nel 1995, l\u2019anno successivo \u00e8 stato eletto al Senato e da quel momento ha concentrato il suo impegno nell\u2019attivit\u00e0 politica, ricoprendo anche l\u2019incarico di presidente di Palazzo Madama dal 2008 al 2013 e capogruppo di Forza Italia nella quattordicesima e quindicesima legislatura (2001-2008).<br \/>E\u2019 stato componente della Commissione Bicamerale per le riforme costituzionali e firmatario di diversi disegni di legge, tra i quali quello sull\u2019utilizzo delle disponibilit\u00e0 finanziarie per la Conferenza Onu sul crimine organizzato e quello di modifica delle norme sulla gestione e destinazione di beni sequestrati o confiscati per rendere maggiormente efficace questo istituto. Nel 2002 \u00e8 tra i sostenitori dell\u2019iniziativa parlamentare che ha portato alla stabilizzazione del \u201c41 bis\u201d, trasformando il carcere duro per i mafiosi da misura straordinaria a misura definitiva, inserita a regime nell\u2019ordinamento giuridico. <br \/>Per domani, alle 18, a Palazzo d\u2019Orleans, in Sala Alessi a Palermo, \u00e8 in programma l\u2019insediamento e il conseguente passaggio di consegne con il governatore uscente Nello Musumeci.<br \/>\u00abSono consapevole delle mie responsabilit\u00e0 e conosco bene il compito che mi attende \u2013 sottolinea il presidente della Regione Siciliana, Renato Schifani -. La legge non mi consente di avvalermi immediatamente di una giunta nella pienezza dei poteri. Sopperir\u00f2 io con i limiti di spazio e di tempo fisico che potr\u00e0 avere un uomo che si dovr\u00e0 occupare di dodici deleghe. Mi auguro che questa fase duri il meno possibile, io ce la metter\u00f2 tutta. Affronteremo in primo luogo le emergenze quotidiane che possono interessare una regione come la Sicilia e tante altre realt\u00e0 territoriali. Gli interessi dei siciliani vanno privilegiati. Li rappresenter\u00f2 davanti al governo nazionale, che si former\u00e0 tra poco, con fiducia, determinazione e rispetto dei reciproci ruoli\u00bb.<br \/>\u00abUn saluto particolare \u2013 aggiunge Schifani \u2013 al neo eletto presidente del Senato, Ignazio La Russa, seconda carica dello Stato, una persona alla quale mi legano grande stima e amicizia. Abbiamo avuto percorsi istituzionali e politici comuni e sono felicissimo per la sua elezione. Devo dire che per la Sicilia oggi \u00e8 un momento felice\u00bb.<br \/>foto ufficio stampa Regione siciliana<br \/>(ITALPRESS).<div id=\"div-gpt-ad-Messinaoggi.it-DSK-300x250-corpoart\" style=\"text-align:center;margin:0 auto;\"><\/div><\/p>\n<\/div>\n<div id=\"videoincontent\" style=\"clear:both\";><\/div>","protected":false},"excerpt":{"rendered":"<p>PALERMO (ITALPRESS) \u2013 Renato Schifani \u00e8 il nuovo presidente della Regione Siciliana. Lo ha proclamato, durante una cerimonia alla Corte d\u2019appello di Palermo, il presidente dell\u2019Ufficio centrale regionale per l\u2019elezione del presidente della Regione e dei deputati dell\u2019Assemblea regionale siciliana, Giacomo Montalbano.Schifani, candidato della coalizione di centrodestra, \u00e8 risultato il pi\u00f9 votato nel corso della [&hellip;]<\/p>\n","protected":false},"author":18,"featured_media":125627,"comment_status":"closed","ping_status":"closed","sticky":false,"template":"","format":"standard","meta":{"ub_ctt_via":"","_mi_skip_tracking":false},"categories":[2449],"tags":[783],"featured_image_src":"https:\/\/www.messinaoggi.it\/website\/wp-content\/uploads\/2022\/10\/20221013_2528.jpg","author_info":{"display_name":"Admin","author_link":"https:\/\/www.messinaoggi.it\/website\/author\/admin\/"},"digistream_id":0,"digistream":false,"_links":{"self":[{"href":"https:\/\/www.messinaoggi.it\/website\/wp-json\/wp\/v2\/posts\/125626"}],"collection":[{"href":"https:\/\/www.messinaoggi.it\/website\/wp-json\/wp\/v2\/posts"}],"about":[{"href":"https:\/\/www.messinaoggi.it\/website\/wp-json\/wp\/v2\/types\/post"}],"author":[{"embeddable":true,"href":"https:\/\/www.messinaoggi.it\/website\/wp-json\/wp\/v2\/users\/18"}],"replies":[{"embeddable":true,"href":"https:\/\/www.messinaoggi.it\/website\/wp-json\/wp\/v2\/comments?post=125626"}],"version-history":[{"count":0,"href":"https:\/\/www.messinaoggi.it\/website\/wp-json\/wp\/v2\/posts\/125626\/revisions"}],"wp:featuredmedia":[{"embeddable":true,"href":"https:\/\/www.messinaoggi.it\/website\/wp-json\/wp\/v2\/media\/125627"}],"wp:attachment":[{"href":"https:\/\/www.messinaoggi.it\/website\/wp-json\/wp\/v2\/media?parent=125626"}],"wp:term":[{"taxonomy":"category","embeddable":true,"href":"https:\/\/www.messinaoggi.it\/website\/wp-json\/wp\/v2\/categories?post=125626"},{"taxonomy":"post_tag","embeddable":true,"href":"https:\/\/www.messinaoggi.it\/website\/wp-json\/wp\/v2\/tags?post=125626"}],"curies":[{"name":"wp","href":"https:\/\/api.w.org\/{rel}","templated":true}]}}