{"id":125624,"date":"2022-10-13T19:07:56","date_gmt":"2022-10-13T17:07:56","guid":{"rendered":"https:\/\/www.messinaoggi.it\/website\/2022\/10\/13\/la-lega-candida-lorenzo-fontana-per-la-presidenza-della-camera\/"},"modified":"2022-10-13T19:07:56","modified_gmt":"2022-10-13T17:07:56","slug":"la-lega-candida-lorenzo-fontana-per-la-presidenza-della-camera","status":"publish","type":"post","link":"https:\/\/www.messinaoggi.it\/website\/2022\/10\/13\/la-lega-candida-lorenzo-fontana-per-la-presidenza-della-camera\/","title":{"rendered":"La Lega candida Lorenzo Fontana per la presidenza della Camera"},"content":{"rendered":"<div>ROMA (ITALPRESS) &#8211; &#8220;Ho chiesto a Riccardo Molinari la disponibilit\u00e0 a proseguire il suo mandato da capogruppo della Lega a Montecitorio, nonostante avesse tutte le carte in regola per fare il Presidente della Camera&#8221;. Lo dice il leader della Lega Matteo Salvini. &#8220;Molinari \u00e8 stato e sar\u00e0 il miglior capogruppo possibile, ruolo per me politicamente pi\u00f9 rilevante per i prossimi cinque anni&#8221;, continua Salvini. <br \/>Il segretario ha incontrato i vicesegretari Andrea Crippa, Lorenzo Fontana e Giancarlo Giorgetti.<br \/>Giorgetti ha rimesso a Salvini la decisione per un eventuale incarico nel futuro governo di centrodestra. Fontana, gi\u00e0 vicepresidente della Camera, \u00e8 il candidato per la terza carica dello Stato.<div id=\"div-gpt-ad-Messinaoggi.it-DSK-300x250-corpoart\" style=\"text-align:center;margin:0 auto;\"><\/div><\/p>\n<p>&#8211; foto ufficio stampa Lega &#8211;<div id=\"videoincontent\" style=\"clear:both\";><\/div><\/p>\n<p>(ITALPRESS).<\/p><\/div>\n","protected":false},"excerpt":{"rendered":"<p>ROMA (ITALPRESS) &#8211; &#8220;Ho chiesto a Riccardo Molinari la disponibilit\u00e0 a proseguire il suo mandato da capogruppo della Lega a Montecitorio, nonostante avesse tutte le carte in regola per fare il Presidente della Camera&#8221;. Lo dice il leader della Lega Matteo Salvini. &#8220;Molinari \u00e8 stato e sar\u00e0 il miglior capogruppo possibile, ruolo per me politicamente [&hellip;]<\/p>\n","protected":false},"author":18,"featured_media":125625,"comment_status":"closed","ping_status":"closed","sticky":false,"template":"","format":"standard","meta":{"ub_ctt_via":"","_mi_skip_tracking":false},"categories":[446],"tags":[783],"featured_image_src":"https:\/\/www.messinaoggi.it\/website\/wp-content\/uploads\/2022\/10\/20221013_2439.jpg","author_info":{"display_name":"Admin","author_link":"https:\/\/www.messinaoggi.it\/website\/author\/admin\/"},"digistream_id":0,"digistream":false,"_links":{"self":[{"href":"https:\/\/www.messinaoggi.it\/website\/wp-json\/wp\/v2\/posts\/125624"}],"collection":[{"href":"https:\/\/www.messinaoggi.it\/website\/wp-json\/wp\/v2\/posts"}],"about":[{"href":"https:\/\/www.messinaoggi.it\/website\/wp-json\/wp\/v2\/types\/post"}],"author":[{"embeddable":true,"href":"https:\/\/www.messinaoggi.it\/website\/wp-json\/wp\/v2\/users\/18"}],"replies":[{"embeddable":true,"href":"https:\/\/www.messinaoggi.it\/website\/wp-json\/wp\/v2\/comments?post=125624"}],"version-history":[{"count":0,"href":"https:\/\/www.messinaoggi.it\/website\/wp-json\/wp\/v2\/posts\/125624\/revisions"}],"wp:featuredmedia":[{"embeddable":true,"href":"https:\/\/www.messinaoggi.it\/website\/wp-json\/wp\/v2\/media\/125625"}],"wp:attachment":[{"href":"https:\/\/www.messinaoggi.it\/website\/wp-json\/wp\/v2\/media?parent=125624"}],"wp:term":[{"taxonomy":"category","embeddable":true,"href":"https:\/\/www.messinaoggi.it\/website\/wp-json\/wp\/v2\/categories?post=125624"},{"taxonomy":"post_tag","embeddable":true,"href":"https:\/\/www.messinaoggi.it\/website\/wp-json\/wp\/v2\/tags?post=125624"}],"curies":[{"name":"wp","href":"https:\/\/api.w.org\/{rel}","templated":true}]}}