{"id":12552,"date":"2017-12-05T23:08:51","date_gmt":"2017-12-05T22:08:51","guid":{"rendered":"http:\/\/www.messinaoggi.it\/website\/?p=12552"},"modified":"2017-12-05T23:08:51","modified_gmt":"2017-12-05T22:08:51","slug":"impresentabili-de-luca-querela-la-commissione-nazionale-antimafia","status":"publish","type":"post","link":"https:\/\/www.messinaoggi.it\/website\/2017\/12\/05\/impresentabili-de-luca-querela-la-commissione-nazionale-antimafia\/","title":{"rendered":"Impresentabili, De Luca querela la commissione nazionale antimafia"},"content":{"rendered":"<p style=\"text-align: justify;\">Per la Commissione nazionale antimafia Cateno De Luca era un impresentabile, ma il neodeputato dell\u2019Udc non ci sta e passa al contrattacco.<div id=\"div-gpt-ad-Messinaoggi.it-DSK-300x250-corpoart\" style=\"text-align:center;margin:0 auto;\"><\/div><\/p>\n<p style=\"text-align: justify;\">L\u2019ex sindaco di Fiumedinisi e Santa Teresa di Riva passa al contrattacco e querela la Commissione: &#8220;<em>I reati per i quali \u00e8 stato chiesto all&#8217;Autorit\u00e0 Giudiziaria che si proceda, sono quelli della violazione del segreto di ufficio per aver la Commissione dato agli organi di stampa una informazione ancora segreta; dell&#8217;abuso di ufficio per aver utilizzato il Codice di autoregolamentazione, gi\u00e0 di per s\u00e9 contro la legge ordinaria e contro la Costituzione nei confronti dell&#8217;On. De Luca, nonostante non sussistessero le condizioni ed al fine precipuo di arrecargli danno sul piano politico e di immagine; della diffamazione a mezzo stampa, estesa perci\u00f2 anche al quotidiano &#8220;La Sicilia&#8221;, per aver divulgato notizie segrete e false. <\/em><em>Nella denunzia \u00e8 additata la necessit\u00e0 che l&#8217;Autorit\u00e0 Giudiziaria si faccia carico di accertare la legalit\u00e0 del Codice di autoregolamentazione apprestato dalla Commissione Antimafia, nella parte in cui impone il marchio di stigmatizzazione della impresentabilit\u00e0 in situazioni ulteriori rispetto a quelle tassativamente previste dalla legge in quanto riguardanti la capacit\u00e0 della persona, violando al tempo stesso la Costituzione repubblicana<\/em>&#8220;.<div id=\"videoincontent\" style=\"clear:both\";><\/div><\/p>\n","protected":false},"excerpt":{"rendered":"<p>Per la Commissione nazionale antimafia Cateno De Luca era un impresentabile, ma il neodeputato dell\u2019Udc non ci sta e passa al contrattacco. L\u2019ex sindaco di Fiumedinisi e Santa Teresa di Riva passa al contrattacco e querela la Commissione: &#8220;I reati per i quali \u00e8 stato chiesto all&#8217;Autorit\u00e0 Giudiziaria che si proceda, sono quelli della violazione [&hellip;]<\/p>\n","protected":false},"author":2,"featured_media":10900,"comment_status":"closed","ping_status":"open","sticky":false,"template":"","format":"standard","meta":{"ub_ctt_via":"","_mi_skip_tracking":false},"categories":[5],"tags":[],"featured_image_src":"https:\/\/www.messinaoggi.it\/website\/wp-content\/uploads\/2017\/11\/de-luca-RRP_3450.jpg","author_info":{"display_name":"Redazione","author_link":"https:\/\/www.messinaoggi.it\/website\/author\/redazione\/"},"digistream_id":0,"digistream":false,"_links":{"self":[{"href":"https:\/\/www.messinaoggi.it\/website\/wp-json\/wp\/v2\/posts\/12552"}],"collection":[{"href":"https:\/\/www.messinaoggi.it\/website\/wp-json\/wp\/v2\/posts"}],"about":[{"href":"https:\/\/www.messinaoggi.it\/website\/wp-json\/wp\/v2\/types\/post"}],"author":[{"embeddable":true,"href":"https:\/\/www.messinaoggi.it\/website\/wp-json\/wp\/v2\/users\/2"}],"replies":[{"embeddable":true,"href":"https:\/\/www.messinaoggi.it\/website\/wp-json\/wp\/v2\/comments?post=12552"}],"version-history":[{"count":0,"href":"https:\/\/www.messinaoggi.it\/website\/wp-json\/wp\/v2\/posts\/12552\/revisions"}],"wp:featuredmedia":[{"embeddable":true,"href":"https:\/\/www.messinaoggi.it\/website\/wp-json\/wp\/v2\/media\/10900"}],"wp:attachment":[{"href":"https:\/\/www.messinaoggi.it\/website\/wp-json\/wp\/v2\/media?parent=12552"}],"wp:term":[{"taxonomy":"category","embeddable":true,"href":"https:\/\/www.messinaoggi.it\/website\/wp-json\/wp\/v2\/categories?post=12552"},{"taxonomy":"post_tag","embeddable":true,"href":"https:\/\/www.messinaoggi.it\/website\/wp-json\/wp\/v2\/tags?post=12552"}],"curies":[{"name":"wp","href":"https:\/\/api.w.org\/{rel}","templated":true}]}}