{"id":125507,"date":"2022-10-13T12:07:56","date_gmt":"2022-10-13T10:07:56","guid":{"rendered":"https:\/\/www.messinaoggi.it\/website\/2022\/10\/13\/segre-le-istituzioni-non-lascino-nessuno-da-solo\/"},"modified":"2022-10-13T12:19:25","modified_gmt":"2022-10-13T10:19:25","slug":"segre-le-istituzioni-non-lascino-nessuno-da-solo","status":"publish","type":"post","link":"https:\/\/www.messinaoggi.it\/website\/2022\/10\/13\/segre-le-istituzioni-non-lascino-nessuno-da-solo\/","title":{"rendered":"Segre \u201cLe istituzioni non lascino nessuno da solo\u201d"},"content":{"rendered":"<div>ROMA (ITALPRESS) &#8211; &#8220;Auspico che tutto il Parlamento, con unit\u00e0 di intenti, sappia mettere in campo in collaborazione col Governo un impegno straordinario e urgentissimo per rispondere al grido di dolore che giunge da tante famiglie e da tante imprese che si dibattono sotto i colpi dell&#8217;inflazione e dell&#8217;eccezionale impennata dei costi dell&#8217;energia, che vedono un futuro nero, che temono che diseguaglianze e ingiustizie si dilatino ulteriormente anzich\u00e8 ridursi. In questo senso avremo sempre al nostro fianco l&#8217;Unione Europea con i suoi valori e la concreta solidariet\u00e0 di cui si \u00e8 mostrata capace negli ultimi anni di grave crisi sanitaria e sociale&#8221;. Cos\u00ec Liliana Segre, aprendo la prima seduta<br \/>della XIX Legislatura in Senato.<br \/>&#8220;Non c&#8217;\u00e8 un momento da perdere: dalle istituzioni democratiche deve venire il segnale chiaro che nessuno verr\u00e0 lasciato solo, prima che la paura e la rabbia possano raggiungere i livelli di guardia e tracimare&#8221;, aggiunge.<br \/>&#8220;Oggi sono particolarmente emozionata di fronte al ruolo che in questa giornata la sorte mi riserva. In questo mese di ottobre nel quale cade il centenario della Marcia su Roma, che dette inizio alla dittatura fascista, tocca proprio ad una come me assumere momentaneamente la presidenza di questo tempio della democrazia che \u00e8 il Senato della Repubblica &#8211; afferma Segre -. Ed il valore simbolico di questa circostanza casuale si amplifica nella mia mente perch\u00e8, vedete, ai miei tempi la scuola iniziava in ottobre; ed \u00e8 impossibile per me non provare una sorta di vertigine ricordando che quella stessa bambina che in un giorno come questo del 1938, sconsolata e smarrita, fu costretta dalle leggi razziste a lasciare vuoto il suo banco delle scuole elementari, oggi si trova per uno strano destino addirittura sul banco pi\u00f9 prestigioso del Senato&#8221;.<br \/>&#8220;Le grandi democrazie mature dimostrano di essere tali se, al di sopra delle divisioni partitiche e dell&#8217;esercizio dei diversi ruoli, sanno ritrovarsi unite in un nucleo essenziale di valori condivisi, di istituzioni rispettate, di emblemi riconosciuti &#8211; sottolinea la senatrice a vita -. In Italia il principale ancoraggio attorno al quale deve manifestarsi l&#8217;unit\u00e0 del nostro popolo \u00e8 la Costituzione Repubblicana, che come disse Piero Calamandrei non \u00e8 un pezzo di carta, ma \u00e8 il testamento di 100.000 morti caduti nella lunga lotta per la libert\u00e0; una lotta che non inizia nel settembre del 1943 ma che vede idealmente come capofila Giacomo Matteotti&#8221;.<br \/>&#8220;Il popolo italiano ha sempre dimostrato un grande attaccamento alla sua Costituzione, l&#8217;ha sempre sentita amica &#8211; aggiunge -. In ogni occasione in cui sono stati interpellati, i cittadini hanno sempre scelto di difenderla, perch\u00e8 da essa si sono sentiti difesi. E anche quando il Parlamento non ha saputo rispondere alla richiesta di intervenire su normative non conformi ai principi costituzionali &#8211; e purtroppo questo \u00e8 accaduto spesso &#8211; la nostra Carta fondamentale ha consentito comunque alla Corte Costituzionale ed alla magistratura di svolgere un prezioso lavoro di applicazione giurisprudenziale, facendo sempre evolvere il diritto&#8221;.<br \/>&#8220;Naturalmente anche la Costituzione \u00e8 perfettibile e pu\u00f2 essere emendata (come essa stessa prevede all&#8217;art. 138), ma consentitemi di osservare che se le energie che da decenni vengono spese per cambiare la Costituzione &#8211; peraltro con risultati modesti e talora peggiorativi &#8211; fossero state invece impiegate per attuarla, il nostro sarebbe un Paese pi\u00f9 giusto e anche pi\u00f9 felice &#8211; sottolinea la senatrice a vita -. Il pensiero corre inevitabilmente all&#8217;art. 3, nel quale i padri e le madri costituenti non si accontentarono di bandire quelle discriminazioni basate su &#8220;sesso, razza, lingua, religione, opinioni politiche, condizioni personali e sociali&#8221;, che erano state l&#8217;essenza dell&#8217;ancien regime. Essi vollero anche lasciare un compito perpetuo alla &#8220;Repubblica&#8221;: &#8220;rimuovere gli ostacoli di ordine economico e sociale, che, limitando di fatto la libert\u00e0 e l&#8217;eguaglianza dei cittadini, impediscono il pieno sviluppo della persona umana e l&#8217;effettiva partecipazione di tutti i lavoratori all&#8217;organizzazione politica, economica e sociale del Paese&#8221;.<br \/>Non \u00e8 poesia e non \u00e8 utopia: \u00e8 la stella polare che dovrebbe guidarci tutti, anche se abbiamo programmi diversi per seguirla: rimuovere quegli ostacoli!&#8221;.<div id=\"div-gpt-ad-Messinaoggi.it-DSK-300x250-corpoart\" style=\"text-align:center;margin:0 auto;\"><\/div><\/p>\n<p>&#8211; foto Agenziafotogramma.it &#8211;<div id=\"videoincontent\" style=\"clear:both\";><\/div><\/p>\n<p>(ITALPRESS).<\/p><\/div>\n","protected":false},"excerpt":{"rendered":"<p>ROMA (ITALPRESS) &#8211; &#8220;Auspico che tutto il Parlamento, con unit\u00e0 di intenti, sappia mettere in campo in collaborazione col Governo un impegno straordinario e urgentissimo per rispondere al grido di dolore che giunge da tante famiglie e da tante imprese che si dibattono sotto i colpi dell&#8217;inflazione e dell&#8217;eccezionale impennata dei costi dell&#8217;energia, che vedono [&hellip;]<\/p>\n","protected":false},"author":18,"featured_media":125508,"comment_status":"closed","ping_status":"closed","sticky":false,"template":"","format":"standard","meta":{"ub_ctt_via":"","_mi_skip_tracking":false},"categories":[446,4],"tags":[783],"featured_image_src":"https:\/\/www.messinaoggi.it\/website\/wp-content\/uploads\/2022\/10\/20221013_0390.jpg","author_info":{"display_name":"Admin","author_link":"https:\/\/www.messinaoggi.it\/website\/author\/admin\/"},"digistream_id":0,"digistream":false,"_links":{"self":[{"href":"https:\/\/www.messinaoggi.it\/website\/wp-json\/wp\/v2\/posts\/125507"}],"collection":[{"href":"https:\/\/www.messinaoggi.it\/website\/wp-json\/wp\/v2\/posts"}],"about":[{"href":"https:\/\/www.messinaoggi.it\/website\/wp-json\/wp\/v2\/types\/post"}],"author":[{"embeddable":true,"href":"https:\/\/www.messinaoggi.it\/website\/wp-json\/wp\/v2\/users\/18"}],"replies":[{"embeddable":true,"href":"https:\/\/www.messinaoggi.it\/website\/wp-json\/wp\/v2\/comments?post=125507"}],"version-history":[{"count":1,"href":"https:\/\/www.messinaoggi.it\/website\/wp-json\/wp\/v2\/posts\/125507\/revisions"}],"predecessor-version":[{"id":125512,"href":"https:\/\/www.messinaoggi.it\/website\/wp-json\/wp\/v2\/posts\/125507\/revisions\/125512"}],"wp:featuredmedia":[{"embeddable":true,"href":"https:\/\/www.messinaoggi.it\/website\/wp-json\/wp\/v2\/media\/125508"}],"wp:attachment":[{"href":"https:\/\/www.messinaoggi.it\/website\/wp-json\/wp\/v2\/media?parent=125507"}],"wp:term":[{"taxonomy":"category","embeddable":true,"href":"https:\/\/www.messinaoggi.it\/website\/wp-json\/wp\/v2\/categories?post=125507"},{"taxonomy":"post_tag","embeddable":true,"href":"https:\/\/www.messinaoggi.it\/website\/wp-json\/wp\/v2\/tags?post=125507"}],"curies":[{"name":"wp","href":"https:\/\/api.w.org\/{rel}","templated":true}]}}