{"id":125389,"date":"2022-10-12T17:07:52","date_gmt":"2022-10-12T15:07:52","guid":{"rendered":"https:\/\/www.messinaoggi.it\/website\/2022\/10\/12\/fondazione-enasarco-antonio-buonfiglio-nuovo-direttore-generale\/"},"modified":"2022-10-12T17:07:52","modified_gmt":"2022-10-12T15:07:52","slug":"fondazione-enasarco-antonio-buonfiglio-nuovo-direttore-generale","status":"publish","type":"post","link":"https:\/\/www.messinaoggi.it\/website\/2022\/10\/12\/fondazione-enasarco-antonio-buonfiglio-nuovo-direttore-generale\/","title":{"rendered":"Fondazione Enasarco, Antonio Buonfiglio nuovo direttore generale"},"content":{"rendered":"<div>ROMA (ITALPRESS) &#8211; Oggi si \u00e8 riunito il Consiglio di Amministrazione della Fondazione Enasarco. Nella seduta odierna sono state svolte delle valutazioni in merito ad eventuali sostegni economici a favore degli iscritti per far fronte all&#8217;attuale crisi energetica. Inoltre \u00e8 stata analizzata la possibilit\u00e0 di potenziare le prestazioni sanitarie derivanti dall&#8217;adesione ad Emapi ed \u00e8 stata approfondita la possibilit\u00e0 di allargare la platea di iscritti quanto ai requisiti contributivi richiesti per l&#8217;accesso alla copertura assicurativa. <br \/>Sempre in termini di prestazioni assistenziali, si \u00e8 discusso su un piano di agevolazione di accesso al credito che la Fondazione potrebbe attivare in favore degli iscritti, ipotizzando il ricorso ad una convezione generale non limitata esclusivamente allo strumento dei mutui fondiari.<br \/>Nel Consiglio di Amministrazione odierno, poi, Antonio Buonfiglio \u00e8 stato eletto all&#8217;unanimit\u00e0 come nuovo Direttore Generale della Fondazione. Contestualmente, il CdA ha eletto all&#8217;unanimit\u00e0  Carolina Farina quale Vicedirettore Generale. <br \/>Infine, il Consiglio di Amministrazione di Enasarco ha reso disponibile agli iscritti un&#8217;ulteriore erogazione straordinaria relativa alla situazione pandemica data dal Covid-19. <div id=\"div-gpt-ad-Messinaoggi.it-DSK-300x250-corpoart\" style=\"text-align:center;margin:0 auto;\"><\/div><\/p>\n<p>&#8211; foto ufficio stampa Fondazione Enasarco &#8211;<div id=\"videoincontent\" style=\"clear:both\";><\/div><\/p>\n<p>(ITALPRESS).<\/p><\/div>\n","protected":false},"excerpt":{"rendered":"<p>ROMA (ITALPRESS) &#8211; Oggi si \u00e8 riunito il Consiglio di Amministrazione della Fondazione Enasarco. Nella seduta odierna sono state svolte delle valutazioni in merito ad eventuali sostegni economici a favore degli iscritti per far fronte all&#8217;attuale crisi energetica. Inoltre \u00e8 stata analizzata la possibilit\u00e0 di potenziare le prestazioni sanitarie derivanti dall&#8217;adesione ad Emapi ed \u00e8 [&hellip;]<\/p>\n","protected":false},"author":18,"featured_media":125390,"comment_status":"closed","ping_status":"closed","sticky":false,"template":"","format":"standard","meta":{"ub_ctt_via":"","_mi_skip_tracking":false},"categories":[446],"tags":[783],"featured_image_src":"https:\/\/www.messinaoggi.it\/website\/wp-content\/uploads\/2022\/10\/20221012_1671.jpg","author_info":{"display_name":"Admin","author_link":"https:\/\/www.messinaoggi.it\/website\/author\/admin\/"},"digistream_id":0,"digistream":false,"_links":{"self":[{"href":"https:\/\/www.messinaoggi.it\/website\/wp-json\/wp\/v2\/posts\/125389"}],"collection":[{"href":"https:\/\/www.messinaoggi.it\/website\/wp-json\/wp\/v2\/posts"}],"about":[{"href":"https:\/\/www.messinaoggi.it\/website\/wp-json\/wp\/v2\/types\/post"}],"author":[{"embeddable":true,"href":"https:\/\/www.messinaoggi.it\/website\/wp-json\/wp\/v2\/users\/18"}],"replies":[{"embeddable":true,"href":"https:\/\/www.messinaoggi.it\/website\/wp-json\/wp\/v2\/comments?post=125389"}],"version-history":[{"count":0,"href":"https:\/\/www.messinaoggi.it\/website\/wp-json\/wp\/v2\/posts\/125389\/revisions"}],"wp:featuredmedia":[{"embeddable":true,"href":"https:\/\/www.messinaoggi.it\/website\/wp-json\/wp\/v2\/media\/125390"}],"wp:attachment":[{"href":"https:\/\/www.messinaoggi.it\/website\/wp-json\/wp\/v2\/media?parent=125389"}],"wp:term":[{"taxonomy":"category","embeddable":true,"href":"https:\/\/www.messinaoggi.it\/website\/wp-json\/wp\/v2\/categories?post=125389"},{"taxonomy":"post_tag","embeddable":true,"href":"https:\/\/www.messinaoggi.it\/website\/wp-json\/wp\/v2\/tags?post=125389"}],"curies":[{"name":"wp","href":"https:\/\/api.w.org\/{rel}","templated":true}]}}