{"id":125377,"date":"2022-10-12T16:07:53","date_gmt":"2022-10-12T14:07:53","guid":{"rendered":"https:\/\/www.messinaoggi.it\/website\/2022\/10\/12\/sarri-lo-sturm-graz-vale-piu-del-nome-che-porta\/"},"modified":"2022-10-12T16:07:53","modified_gmt":"2022-10-12T14:07:53","slug":"sarri-lo-sturm-graz-vale-piu-del-nome-che-porta","status":"publish","type":"post","link":"https:\/\/www.messinaoggi.it\/website\/2022\/10\/12\/sarri-lo-sturm-graz-vale-piu-del-nome-che-porta\/","title":{"rendered":"Sarri \u201cLo Sturm Graz vale pi\u00f9 del nome che porta\u201d"},"content":{"rendered":"<div>ROMA (ITALPRESS) &#8211; &#8220;La partita di andata ci ha detto che dobbiamo sfidare una squadra con numeri fisici impressionanti. Lo Sturm \u00e8 una squadra che vale di pi\u00f9 del nome che porta, \u00e8 ben organizzata, ha anche elementi di buon valore e si sta giocando il campionato punto a punto con il Salisburgo&#8221;. Lo ha detto il tecnico della Lazio, Maurizio Sarri, in conferenza stampa alla vigilia del match contro lo Sturm Graz in Europa League. Il morale \u00e8 alle stelle dopo la vittoria sulla Fiorentina: &#8220;A Firenze abbiamo fatto una buona partita tecnica, non tattica. Siamo stati bassi, abbiamo concesso tanto, dobbiamo fare meglio&#8221;. Guai a parlare con Sarri di turn-over: &#8220;E&#8217; una parola che mi sta un p\u00f2 sul c&#8230; perch\u00e8 le squadre inglesi fanno giocare sempre gli stessi undici e giocano pi\u00f9 partite di noi. E&#8217; una fissazione italiana&#8221;. La Lazio torner\u00e0 a giocare domenica alle 15 contro l&#8217;Udinese: &#8220;In questo caos senza senso \u00e8 difficile organizzare i calendari, mi sarebbe piaciuto giocare domenica sera. Dobbiamo capire bene i recuperi fisici e mentali dei ragazzi &#8211; ha aggiunto il mister biancoceleste &#8211; perch\u00e8 fortunatamente a livello di infortuni non ci sono particolari problemi&#8221;. &#8220;La stagione \u00e8 iniziata bene poi le cose sono un p\u00f2 cambiate, come \u00e8 normale nel calcio. Spero di ritrovare spazio per dimostrare le mie qualit\u00e0, aspetto il mio momento perch\u00e8 so che arriver\u00e0 &#8211; le parole del centrocampista della Lazio, Toma Basic &#8211; Affrontiamo una squadra aggressiva, che corre molto. Noi siamo pronti alla sfida, speriamo di conquistare i tre punti. In questo momento riusciamo a mettere in mostra un gran calcio, speriamo di riuscire a continuare cos\u00ec&#8221;.<br \/>&#8211; foto LivePhotoSport &#8211;<br \/>(ITALPRESS).<\/div>\n<div id=\"div-gpt-ad-Messinaoggi.it-DSK-300x250-corpoart\" style=\"text-align:center;margin:0 auto;\"><\/div><\/p><div id=\"videoincontent\" style=\"clear:both\";><\/div>","protected":false},"excerpt":{"rendered":"<p>ROMA (ITALPRESS) &#8211; &#8220;La partita di andata ci ha detto che dobbiamo sfidare una squadra con numeri fisici impressionanti. Lo Sturm \u00e8 una squadra che vale di pi\u00f9 del nome che porta, \u00e8 ben organizzata, ha anche elementi di buon valore e si sta giocando il campionato punto a punto con il Salisburgo&#8221;. Lo ha [&hellip;]<\/p>\n","protected":false},"author":18,"featured_media":125378,"comment_status":"closed","ping_status":"closed","sticky":false,"template":"","format":"standard","meta":{"ub_ctt_via":"","_mi_skip_tracking":false},"categories":[446],"tags":[783],"featured_image_src":"https:\/\/www.messinaoggi.it\/website\/wp-content\/uploads\/2022\/10\/20221012_1255.jpg","author_info":{"display_name":"Admin","author_link":"https:\/\/www.messinaoggi.it\/website\/author\/admin\/"},"digistream_id":0,"digistream":false,"_links":{"self":[{"href":"https:\/\/www.messinaoggi.it\/website\/wp-json\/wp\/v2\/posts\/125377"}],"collection":[{"href":"https:\/\/www.messinaoggi.it\/website\/wp-json\/wp\/v2\/posts"}],"about":[{"href":"https:\/\/www.messinaoggi.it\/website\/wp-json\/wp\/v2\/types\/post"}],"author":[{"embeddable":true,"href":"https:\/\/www.messinaoggi.it\/website\/wp-json\/wp\/v2\/users\/18"}],"replies":[{"embeddable":true,"href":"https:\/\/www.messinaoggi.it\/website\/wp-json\/wp\/v2\/comments?post=125377"}],"version-history":[{"count":0,"href":"https:\/\/www.messinaoggi.it\/website\/wp-json\/wp\/v2\/posts\/125377\/revisions"}],"wp:featuredmedia":[{"embeddable":true,"href":"https:\/\/www.messinaoggi.it\/website\/wp-json\/wp\/v2\/media\/125378"}],"wp:attachment":[{"href":"https:\/\/www.messinaoggi.it\/website\/wp-json\/wp\/v2\/media?parent=125377"}],"wp:term":[{"taxonomy":"category","embeddable":true,"href":"https:\/\/www.messinaoggi.it\/website\/wp-json\/wp\/v2\/categories?post=125377"},{"taxonomy":"post_tag","embeddable":true,"href":"https:\/\/www.messinaoggi.it\/website\/wp-json\/wp\/v2\/tags?post=125377"}],"curies":[{"name":"wp","href":"https:\/\/api.w.org\/{rel}","templated":true}]}}