{"id":125368,"date":"2022-10-12T15:07:52","date_gmt":"2022-10-12T13:07:52","guid":{"rendered":"https:\/\/www.messinaoggi.it\/website\/2022\/10\/12\/per-gli-italiani-inflazione-e-caro-energia-le-priorita-del-nuovo-governo\/"},"modified":"2022-10-12T15:07:52","modified_gmt":"2022-10-12T13:07:52","slug":"per-gli-italiani-inflazione-e-caro-energia-le-priorita-del-nuovo-governo","status":"publish","type":"post","link":"https:\/\/www.messinaoggi.it\/website\/2022\/10\/12\/per-gli-italiani-inflazione-e-caro-energia-le-priorita-del-nuovo-governo\/","title":{"rendered":"Per gli italiani inflazione e caro energia le priorit\u00e0 del nuovo Governo"},"content":{"rendered":"<div>ROMA (ITALPRESS) &#8211; L&#8217;ultima nota mensile dell&#8217;ISTAT relativa all&#8217;andamento economico del nostro Paese ha confermato un&#8217;ulteriore accelerazione dell&#8217;inflazione nel corso del mese di settembre e, secondo l&#8217;OCSE, il perdurare della crisi energetica potrebbe causare una decelerazione dell&#8217;economia mondiale. Temi che la popolazione italiana percepisce e vive quotidianamente e che, ad oggi, rappresentano una priorit\u00e0 per la maggioranza degli italiani. Al prossimo governo, quindi, si chiede di intervenire tempestivamente sull&#8217;aumento generale dei prezzi (48,8%), sulla crisi energetica e l&#8217;aumento dei prezzi delle utenze (45%), senza trascurare il lavoro e l&#8217;occupazione, ancor di pi\u00f9 nelle aree meridionali (38%).<br \/>Una richiesta di intervento che arriva in modo unanime e trasversale dal nord al sud del Paese. Il problema in questo contesto \u00e8, per\u00f2, una mancanza di fiducia sulla possibilit\u00e0 di ottenere risultati significativi in questo ambito. Quasi la met\u00e0 della popolazione (il 48,6%), infatti, ritiene poco probabile che il prossimo governo riuscir\u00e0 ad intervenire in modo positivo. Una diffidenza ancora pi\u00f9 alta nella fascia di popolazione pi\u00f9 adulta, mentre tra i giovani si registra una maggiore indecisione sul tema.<div id=\"div-gpt-ad-Messinaoggi.it-DSK-300x250-corpoart\" style=\"text-align:center;margin:0 auto;\"><\/div><\/p>\n<p>Dati Euromedia Research per Porta a Porta &#8211; Realizzato il 28\/09\/2022 con metodologia mista CATI\/CAWI su un campione di 800 casi rappresentativi della popolazione italiana maggiorenne <div id=\"videoincontent\" style=\"clear:both\";><\/div><\/p>\n<p>&#8211; foto ufficio stampa Euromedia Research &#8211;<br \/>(ITALPRESS).<\/div>\n","protected":false},"excerpt":{"rendered":"<p>ROMA (ITALPRESS) &#8211; L&#8217;ultima nota mensile dell&#8217;ISTAT relativa all&#8217;andamento economico del nostro Paese ha confermato un&#8217;ulteriore accelerazione dell&#8217;inflazione nel corso del mese di settembre e, secondo l&#8217;OCSE, il perdurare della crisi energetica potrebbe causare una decelerazione dell&#8217;economia mondiale. Temi che la popolazione italiana percepisce e vive quotidianamente e che, ad oggi, rappresentano una priorit\u00e0 per [&hellip;]<\/p>\n","protected":false},"author":18,"featured_media":125369,"comment_status":"closed","ping_status":"closed","sticky":false,"template":"","format":"standard","meta":{"ub_ctt_via":"","_mi_skip_tracking":false},"categories":[446],"tags":[783],"featured_image_src":"https:\/\/www.messinaoggi.it\/website\/wp-content\/uploads\/2022\/10\/20221012_0771.jpg","author_info":{"display_name":"Admin","author_link":"https:\/\/www.messinaoggi.it\/website\/author\/admin\/"},"digistream_id":0,"digistream":false,"_links":{"self":[{"href":"https:\/\/www.messinaoggi.it\/website\/wp-json\/wp\/v2\/posts\/125368"}],"collection":[{"href":"https:\/\/www.messinaoggi.it\/website\/wp-json\/wp\/v2\/posts"}],"about":[{"href":"https:\/\/www.messinaoggi.it\/website\/wp-json\/wp\/v2\/types\/post"}],"author":[{"embeddable":true,"href":"https:\/\/www.messinaoggi.it\/website\/wp-json\/wp\/v2\/users\/18"}],"replies":[{"embeddable":true,"href":"https:\/\/www.messinaoggi.it\/website\/wp-json\/wp\/v2\/comments?post=125368"}],"version-history":[{"count":0,"href":"https:\/\/www.messinaoggi.it\/website\/wp-json\/wp\/v2\/posts\/125368\/revisions"}],"wp:featuredmedia":[{"embeddable":true,"href":"https:\/\/www.messinaoggi.it\/website\/wp-json\/wp\/v2\/media\/125369"}],"wp:attachment":[{"href":"https:\/\/www.messinaoggi.it\/website\/wp-json\/wp\/v2\/media?parent=125368"}],"wp:term":[{"taxonomy":"category","embeddable":true,"href":"https:\/\/www.messinaoggi.it\/website\/wp-json\/wp\/v2\/categories?post=125368"},{"taxonomy":"post_tag","embeddable":true,"href":"https:\/\/www.messinaoggi.it\/website\/wp-json\/wp\/v2\/tags?post=125368"}],"curies":[{"name":"wp","href":"https:\/\/api.w.org\/{rel}","templated":true}]}}