{"id":125364,"date":"2022-10-12T14:17:54","date_gmt":"2022-10-12T12:17:54","guid":{"rendered":"https:\/\/www.messinaoggi.it\/website\/2022\/10\/12\/sud-chiama-nord-entra-in-parlamento-difenderemo-la-sicilia-ed-i-meridionali\/"},"modified":"2022-10-12T14:17:54","modified_gmt":"2022-10-12T12:17:54","slug":"sud-chiama-nord-entra-in-parlamento-difenderemo-la-sicilia-ed-i-meridionali","status":"publish","type":"post","link":"https:\/\/www.messinaoggi.it\/website\/2022\/10\/12\/sud-chiama-nord-entra-in-parlamento-difenderemo-la-sicilia-ed-i-meridionali\/","title":{"rendered":"\u201cSud chiama Nord\u201d entra in Parlamento, \u201cDifenderemo la Sicilia ed i meridionali\u201d"},"content":{"rendered":"<div>\n<p>ROMA (ITALPRESS) \u2013 \u201cSud chiama Nord\u201d, il movimento guidato da Cateno De Luca, l\u2019ex sindaco di Messina, entra in Parlamento con un deputato e una senatrice, Francesco Gallo e Dafne Musolino, ex vicesindaco e assessore al Comune di Messina. La presentazione ufficiale nel corso di una conferenza stampa alla Camera: \u201cNoi non ci siamo fatto intimorire, n\u00e8 ci impressione il buon Bruno Vespa che  si esprime in modo rozzo su un risultato eclatante in Sicilia, sul nostro movimento che diventa il primo partito in Sicilia, che ottiene l\u20191% nazionale solo con un dato siciliano, questo non desta meraviglia? No \u2013 ha detto Cateno De Luca -, da un punto di vista della comunicazione mi sento offeso e indignato, si parla dei Moderati, del Movimento di Di Maio, che hanno fatto meno di noi, con tutto il rispetto,  hanno fatto un risultato pi\u00f9 basso di noi, e non del nostro movimento, qualcuno ha dato la notizia di questi scappati di casa partiti dalla Sicilia  che sono stati talmente bravi ad eleggere un deputato e un senatore? No,  non c\u2019\u00e8 riscontro. Dietro questo movimento c\u2019\u00e8 un gruppo di uomini e donne che sono stati premiati per un buon governo territoriale. Abbiamo dimostrato che lavorando bene sul territorio si pu\u00f2 fare e lo abbiamo fatto, questa diventa la notizia. Altro che voto di protesta il nostro \u00e8 un voto costruito sul territorio, io Masaniello? Mi sono stancato di questo timbro che ancora si mette, io sono un uomo di amministrazione e di governo poi il mio carattere impertinente \u00e8 un\u2019altra storia, dal punto di vista politica siamo i figli di nessuno ma la nostra azione in parlamento sar\u00e0 dirompente, non vogliamo scardinare il sistema lo vogliamo cambiare, il nostro \u00e8 il movimento della meritocrazia\u201d. <br \/>La neo eletta a Palazzo Madama, Musolino  ricorda un vecchio detto: \u201cGovernare fa perdere il consenso? Noi rappresentiamo l\u2019eccezione alla regola, il nostro consenso \u00e8 cresciuto abbiamo dato la dimostrazione e la prova di aver fatto un buon governo, in un contesto non facile.  Il progetto \u2018Sud chiama Nord\u2019 nasce da un\u2019esigenza, a livello locale abbiamo fatto la storia di Messina, da soli, ed ora \u00e8 evidente che per andare avanti e restituire Sicilia  a tutto il popolo del sud la loro dignit\u00e0 e i loro diritti dobbiamo alzare l\u2019asticella, noi abbiamo obiettivi sfidanti, c\u2019\u00e8 tanto da fare\u201d. <br \/>Per il collega parlamentare eletto a Montecitorio, Gallo: \u201c\u2018Sud chiama Nord\u2019 \u00e8 un movimento politico che realizza i sogni, il primo \u00e8 quello di una politica bella, senza compromessi, una politica che guarda ai valori delle persone e alle risposte che si devono dare. Essere qui oggi con amici, con persone che si sono battute sul territorio \u00e8 la realizzazione di un sogno adesso noi mettiamo questa opportunit\u00e0 a disposizione\u201d. <br \/>A tutti quelli che fanno politica per passione Gallo dice: \u201cIn questo movimento troverete  gli spazi che saprete conquistarvi con l\u2019impegno quotidiano mai ho trovato tanta meritocrazia come in questo movimento politico. Il sogno politico che questo movimento ha \u00e8 avere un\u2019Italia senza divisione, \u00e8 un patito che si rivolge ai meridionali di tutta Italia\u201d. <br \/>Ismaele La Vardera, presidente del Movimento sottolinea: \u201cDa giornalista parlerei del caso \u2018Sud chiama nord\u2019, in Sicilia un partito non in coalizione,  da solo \u00e8 riuscito ad eleggere indipendente  due parlamentari,  non capisco come mai nei salotti televisivi non ci viene dato spazio, noi chiediamo rispetto, un\u2019attenzione che sia concreta. Noi avremo in questo Parlamento due figure di spicco che rappresentano il territorio, abbiamo scelto gente che c\u2019\u00e8 nel territorio, il nostro progetto \u00e8 partito dalla Sicilia, che ha gi\u00e0 8 deputati alla Regione, abbiamo fatto un pezzettino di storia che rivendichiamo con orgoglio, difenderemo i diritti dei siciliani qui a Roma\u201d. <br \/>foto xc3 Italpress  <br \/>(ITALPRESS).<div id=\"div-gpt-ad-Messinaoggi.it-DSK-300x250-corpoart\" style=\"text-align:center;margin:0 auto;\"><\/div><\/p>\n<\/div>\n<div id=\"videoincontent\" style=\"clear:both\";><\/div>","protected":false},"excerpt":{"rendered":"<p>ROMA (ITALPRESS) \u2013 \u201cSud chiama Nord\u201d, il movimento guidato da Cateno De Luca, l\u2019ex sindaco di Messina, entra in Parlamento con un deputato e una senatrice, Francesco Gallo e Dafne Musolino, ex vicesindaco e assessore al Comune di Messina. La presentazione ufficiale nel corso di una conferenza stampa alla Camera: \u201cNoi non ci siamo fatto [&hellip;]<\/p>\n","protected":false},"author":18,"featured_media":125365,"comment_status":"closed","ping_status":"closed","sticky":false,"template":"","format":"standard","meta":{"ub_ctt_via":"","_mi_skip_tracking":false},"categories":[2449],"tags":[783],"featured_image_src":"https:\/\/www.messinaoggi.it\/website\/wp-content\/uploads\/2022\/10\/20221012_0676.jpg","author_info":{"display_name":"Admin","author_link":"https:\/\/www.messinaoggi.it\/website\/author\/admin\/"},"digistream_id":0,"digistream":false,"_links":{"self":[{"href":"https:\/\/www.messinaoggi.it\/website\/wp-json\/wp\/v2\/posts\/125364"}],"collection":[{"href":"https:\/\/www.messinaoggi.it\/website\/wp-json\/wp\/v2\/posts"}],"about":[{"href":"https:\/\/www.messinaoggi.it\/website\/wp-json\/wp\/v2\/types\/post"}],"author":[{"embeddable":true,"href":"https:\/\/www.messinaoggi.it\/website\/wp-json\/wp\/v2\/users\/18"}],"replies":[{"embeddable":true,"href":"https:\/\/www.messinaoggi.it\/website\/wp-json\/wp\/v2\/comments?post=125364"}],"version-history":[{"count":0,"href":"https:\/\/www.messinaoggi.it\/website\/wp-json\/wp\/v2\/posts\/125364\/revisions"}],"wp:featuredmedia":[{"embeddable":true,"href":"https:\/\/www.messinaoggi.it\/website\/wp-json\/wp\/v2\/media\/125365"}],"wp:attachment":[{"href":"https:\/\/www.messinaoggi.it\/website\/wp-json\/wp\/v2\/media?parent=125364"}],"wp:term":[{"taxonomy":"category","embeddable":true,"href":"https:\/\/www.messinaoggi.it\/website\/wp-json\/wp\/v2\/categories?post=125364"},{"taxonomy":"post_tag","embeddable":true,"href":"https:\/\/www.messinaoggi.it\/website\/wp-json\/wp\/v2\/tags?post=125364"}],"curies":[{"name":"wp","href":"https:\/\/api.w.org\/{rel}","templated":true}]}}