{"id":125352,"date":"2022-10-12T13:07:54","date_gmt":"2022-10-12T11:07:54","guid":{"rendered":"https:\/\/www.messinaoggi.it\/website\/2022\/10\/12\/governo-gelmini-la-legge-sullautonomia-e-pronta\/"},"modified":"2022-10-12T13:07:54","modified_gmt":"2022-10-12T11:07:54","slug":"governo-gelmini-la-legge-sullautonomia-e-pronta","status":"publish","type":"post","link":"https:\/\/www.messinaoggi.it\/website\/2022\/10\/12\/governo-gelmini-la-legge-sullautonomia-e-pronta\/","title":{"rendered":"Governo, Gelmini \u201cLa legge sull\u2019autonomia \u00e8 pronta\u201d"},"content":{"rendered":"<div>ROMA (ITALPRESS) &#8211; &#8220;Il Presidente Draghi ha chiesto a tutti i ministri un passaggio di consegne ordinato, insieme a un dettagliato dossier sul lavoro svolto, sui provvedimenti completati e su quelli ancora aperti&#8221;. Lo ha detto Mariastella Gelmini, ministro per gli Affari regionali e parlamentare di Azione, a Tg1 Mattina.<br \/>&#8220;Dobbiamo mettere il nuovo governo nelle condizioni di poter operare da subito, avendo un quadro chiaro dell&#8217;iter delle singole proposte. Per quanto riguarda il Dipartimento per gli Affari regionali, per esempio, la proposta di legge quadro sull&#8217;autonomia \u00e8 pronta ed \u00e8 depositata agli atti. C&#8217;\u00e8 una proposta di legge sulla montagna che era all&#8217;esame del Parlamento, e c&#8217;\u00e8 la riforma di Roma Capitale. Su questi provvedimenti il mio compito \u00e8 stato quello di costruire un dossier puntuale per consentire al nuovo Ministro di non dover ricominciare dal via, ma portare avanti queste proposte, senza perdere tempo&#8221;.<br \/>-foto agenziafotogramma.it-<br \/>(ITALPRESS).<\/div>\n<div id=\"div-gpt-ad-Messinaoggi.it-DSK-300x250-corpoart\" style=\"text-align:center;margin:0 auto;\"><\/div><\/p><div id=\"videoincontent\" style=\"clear:both\";><\/div>","protected":false},"excerpt":{"rendered":"<p>ROMA (ITALPRESS) &#8211; &#8220;Il Presidente Draghi ha chiesto a tutti i ministri un passaggio di consegne ordinato, insieme a un dettagliato dossier sul lavoro svolto, sui provvedimenti completati e su quelli ancora aperti&#8221;. Lo ha detto Mariastella Gelmini, ministro per gli Affari regionali e parlamentare di Azione, a Tg1 Mattina.&#8220;Dobbiamo mettere il nuovo governo nelle [&hellip;]<\/p>\n","protected":false},"author":18,"featured_media":125353,"comment_status":"closed","ping_status":"closed","sticky":false,"template":"","format":"standard","meta":{"ub_ctt_via":"","_mi_skip_tracking":false},"categories":[446],"tags":[783],"featured_image_src":"https:\/\/www.messinaoggi.it\/website\/wp-content\/uploads\/2022\/10\/20221012_0383.jpg","author_info":{"display_name":"Admin","author_link":"https:\/\/www.messinaoggi.it\/website\/author\/admin\/"},"digistream_id":0,"digistream":false,"_links":{"self":[{"href":"https:\/\/www.messinaoggi.it\/website\/wp-json\/wp\/v2\/posts\/125352"}],"collection":[{"href":"https:\/\/www.messinaoggi.it\/website\/wp-json\/wp\/v2\/posts"}],"about":[{"href":"https:\/\/www.messinaoggi.it\/website\/wp-json\/wp\/v2\/types\/post"}],"author":[{"embeddable":true,"href":"https:\/\/www.messinaoggi.it\/website\/wp-json\/wp\/v2\/users\/18"}],"replies":[{"embeddable":true,"href":"https:\/\/www.messinaoggi.it\/website\/wp-json\/wp\/v2\/comments?post=125352"}],"version-history":[{"count":0,"href":"https:\/\/www.messinaoggi.it\/website\/wp-json\/wp\/v2\/posts\/125352\/revisions"}],"wp:featuredmedia":[{"embeddable":true,"href":"https:\/\/www.messinaoggi.it\/website\/wp-json\/wp\/v2\/media\/125353"}],"wp:attachment":[{"href":"https:\/\/www.messinaoggi.it\/website\/wp-json\/wp\/v2\/media?parent=125352"}],"wp:term":[{"taxonomy":"category","embeddable":true,"href":"https:\/\/www.messinaoggi.it\/website\/wp-json\/wp\/v2\/categories?post=125352"},{"taxonomy":"post_tag","embeddable":true,"href":"https:\/\/www.messinaoggi.it\/website\/wp-json\/wp\/v2\/tags?post=125352"}],"curies":[{"name":"wp","href":"https:\/\/api.w.org\/{rel}","templated":true}]}}