{"id":125299,"date":"2022-10-11T21:07:50","date_gmt":"2022-10-11T19:07:50","guid":{"rendered":"https:\/\/www.messinaoggi.it\/website\/2022\/10\/11\/inzaghi-non-temo-larbitraggio-abbiamo-le-nostre-armi\/"},"modified":"2022-10-11T21:07:50","modified_gmt":"2022-10-11T19:07:50","slug":"inzaghi-non-temo-larbitraggio-abbiamo-le-nostre-armi","status":"publish","type":"post","link":"https:\/\/www.messinaoggi.it\/website\/2022\/10\/11\/inzaghi-non-temo-larbitraggio-abbiamo-le-nostre-armi\/","title":{"rendered":"Inzaghi \u201cNon temo l\u2019arbitraggio, abbiamo le nostre armi\u201d"},"content":{"rendered":"<div>BARCELLONA (SPAGNA) (ITALPRESS) &#8211; &#8220;Se domani temo l&#8217;arbitraggio? L&#8217;arbitro e il VAR della partita di San Siro arbitreranno anche domani quindi la Uefa avr\u00e0 valutato positivamente il loro operato. Riguardo al match: abbiamo le nostre armi, metteremo corsa, determinazione e attenzione&#8221;. Lo ha detto il tecnico dell&#8217;Inter, Simone Inzaghi, alla vigilia della sfida del Nou Camp contro il Barcellona. &#8220;Come si fa a mantenere una squadra calma? Ho giocatori abituati, con una certa esperienza, siamo una squadra matura &#8211; aggiunto il mister nerazzurro in conferenza stampa &#8211; Sappiamo che ci saranno momenti di sofferenza e altri in cui dovremo essere lucidi con la palla. Dovremo essere attenti nei particolari. Vogliamo fare il massimo in questo girone, sapevamo che era un raggruppamento complicato. Possiamo fare del nostro meglio, con 10 punti potremmo passare ma potrebbero non essere sufficienti. Sar\u00e0 una sfida sicuramente decisiva per l&#8217;esito del girone&#8221;. &#8220;Prima della gara di andata avevo detto che la sfida col Barcellona era una grande opportunit\u00e0 e l&#8217;abbiamo colta alla grande &#8211; ammette Inzaghi &#8211; Questa partita \u00e8 fondamentale per il passaggio del turno: sappiamo che qui sar\u00e0 dura, troveremo uno stadio compatto e un avversario fortissimo. Ci saranno difficolt\u00e0 da superare, saper soffrire tutti insieme e mettere in difficolt\u00e0 i padroni di casa con quello che abbiamo preparato&#8221;. In conferenza anche l&#8217;attaccante argentino Lautaro Martinez: &#8220;Sappiamo che il Barcellona ha qualit\u00e0 nell&#8217;uno contro uno, l&#8217;impostazione della gara a Milano \u00e8 andata bene. Faremo ci\u00f2 che abbiamo preparato. Non segno da un p\u00f2? Sono tranquillo per il lavoro che faccio e per la mano che do ai compagni. Come capita a ogni attaccante devo essere tranquillo perch\u00e8 il gol arriver\u00e0 quando meno me lo aspetto&#8221;. Lautaro, che non firmerebbe per il pareggio, ammette che le assenze di Brozovic, Lukaku e Correa &#8220;sono importanti e peseranno, ma abbiamo compagni pronti che scenderanno in campo come a San Siro&#8221;.<br \/>&#8211; foto LivePhotoSport &#8211;<br \/>(ITALPRESS).<\/div>\n<div id=\"div-gpt-ad-Messinaoggi.it-DSK-300x250-corpoart\" style=\"text-align:center;margin:0 auto;\"><\/div><\/p><div id=\"videoincontent\" style=\"clear:both\";><\/div>","protected":false},"excerpt":{"rendered":"<p>BARCELLONA (SPAGNA) (ITALPRESS) &#8211; &#8220;Se domani temo l&#8217;arbitraggio? L&#8217;arbitro e il VAR della partita di San Siro arbitreranno anche domani quindi la Uefa avr\u00e0 valutato positivamente il loro operato. Riguardo al match: abbiamo le nostre armi, metteremo corsa, determinazione e attenzione&#8221;. Lo ha detto il tecnico dell&#8217;Inter, Simone Inzaghi, alla vigilia della sfida del Nou [&hellip;]<\/p>\n","protected":false},"author":18,"featured_media":125300,"comment_status":"closed","ping_status":"closed","sticky":false,"template":"","format":"standard","meta":{"ub_ctt_via":"","_mi_skip_tracking":false},"categories":[446],"tags":[783],"featured_image_src":"https:\/\/www.messinaoggi.it\/website\/wp-content\/uploads\/2022\/10\/20221011_1950.jpg","author_info":{"display_name":"Admin","author_link":"https:\/\/www.messinaoggi.it\/website\/author\/admin\/"},"digistream_id":0,"digistream":false,"_links":{"self":[{"href":"https:\/\/www.messinaoggi.it\/website\/wp-json\/wp\/v2\/posts\/125299"}],"collection":[{"href":"https:\/\/www.messinaoggi.it\/website\/wp-json\/wp\/v2\/posts"}],"about":[{"href":"https:\/\/www.messinaoggi.it\/website\/wp-json\/wp\/v2\/types\/post"}],"author":[{"embeddable":true,"href":"https:\/\/www.messinaoggi.it\/website\/wp-json\/wp\/v2\/users\/18"}],"replies":[{"embeddable":true,"href":"https:\/\/www.messinaoggi.it\/website\/wp-json\/wp\/v2\/comments?post=125299"}],"version-history":[{"count":0,"href":"https:\/\/www.messinaoggi.it\/website\/wp-json\/wp\/v2\/posts\/125299\/revisions"}],"wp:featuredmedia":[{"embeddable":true,"href":"https:\/\/www.messinaoggi.it\/website\/wp-json\/wp\/v2\/media\/125300"}],"wp:attachment":[{"href":"https:\/\/www.messinaoggi.it\/website\/wp-json\/wp\/v2\/media?parent=125299"}],"wp:term":[{"taxonomy":"category","embeddable":true,"href":"https:\/\/www.messinaoggi.it\/website\/wp-json\/wp\/v2\/categories?post=125299"},{"taxonomy":"post_tag","embeddable":true,"href":"https:\/\/www.messinaoggi.it\/website\/wp-json\/wp\/v2\/tags?post=125299"}],"curies":[{"name":"wp","href":"https:\/\/api.w.org\/{rel}","templated":true}]}}