{"id":125273,"date":"2022-10-11T20:07:51","date_gmt":"2022-10-11T18:07:51","guid":{"rendered":"https:\/\/www.messinaoggi.it\/website\/2022\/10\/11\/ucraina-letta-putin-minaccia-grave-a-europa-non-passera\/"},"modified":"2022-10-11T20:07:51","modified_gmt":"2022-10-11T18:07:51","slug":"ucraina-letta-putin-minaccia-grave-a-europa-non-passera","status":"publish","type":"post","link":"https:\/\/www.messinaoggi.it\/website\/2022\/10\/11\/ucraina-letta-putin-minaccia-grave-a-europa-non-passera\/","title":{"rendered":"Ucraina, Letta \u201cPutin minaccia grave a Europa, non passer\u00e0\u201d"},"content":{"rendered":"<div>ROMA (ITALPRESS) &#8211; &#8220;Mai abbiamo vissuto una sfida cos\u00ec pericolosa come quella che Putin oggi sta portando. Ed \u00e8 indubbio che, proprio perch\u00e8 conosceva le strutturali debolezze dell&#8217;Unione Europea in materia di politica estera, Putin ha pensato di sfruttare queste divisioni e queste debolezze per tentare di ottenere il risultato pi\u00f9 ambizioso. Ma \u00e8 proprio l\u00ec che Putin ha sottovalutato noi europei e soprattutto ha sottovalutato Borrell, il capo della diplomazia europea. In questi drammatici mesi, infatti, sotto la guida di Borrell i paesi europei hanno perseguito, e poi dimostrato, un&#8217;unit\u00e0 sostanziale in politica estera come mai si era vista finora. Grazie a questa unit\u00e0 si sono potuti fare passi decisivi nel bloccare la prepotenza putiniana e nel difendere i principi intangibili della inviolabilit\u00e0 delle frontiere e del divieto di ingerenze interne  che si sono potuti esprimere grazie soprattutto al coraggio del popolo e dei dirigenti ucraini&#8221;. Lo ha detto a Madrid il segretario del Pd, Enrico Letta, intervenendo, con il discorso di apertura, alla cerimonia di premiazione a Josep Barrell.<br \/>&#8220;La storia \u00e8 cambiata nei mesi scorsi grazie alla resistenza degli ucraini e grazie anche all&#8217;unit\u00e0 degli europei. Borrell ci ha indicato la strada, e lo ha fatto nell&#8217;ora pi\u00f9 buia, nel momento pi\u00f9 difficile. A noi, a tutti noi, il dovere di perseguire la strada dell&#8217;unit\u00e0 e della determinazione europea. Con un solo traguardo come orizzonte: una pace giusta e duratura&#8221;.<br \/>(ITALPRESS).<br \/>-foto agenziafotogramma.it-<\/div>\n<div id=\"div-gpt-ad-Messinaoggi.it-DSK-300x250-corpoart\" style=\"text-align:center;margin:0 auto;\"><\/div><\/p><div id=\"videoincontent\" style=\"clear:both\";><\/div>","protected":false},"excerpt":{"rendered":"<p>ROMA (ITALPRESS) &#8211; &#8220;Mai abbiamo vissuto una sfida cos\u00ec pericolosa come quella che Putin oggi sta portando. Ed \u00e8 indubbio che, proprio perch\u00e8 conosceva le strutturali debolezze dell&#8217;Unione Europea in materia di politica estera, Putin ha pensato di sfruttare queste divisioni e queste debolezze per tentare di ottenere il risultato pi\u00f9 ambizioso. Ma \u00e8 proprio [&hellip;]<\/p>\n","protected":false},"author":18,"featured_media":125274,"comment_status":"closed","ping_status":"closed","sticky":false,"template":"","format":"standard","meta":{"ub_ctt_via":"","_mi_skip_tracking":false},"categories":[446],"tags":[783],"featured_image_src":"https:\/\/www.messinaoggi.it\/website\/wp-content\/uploads\/2022\/10\/20221011_1944.jpg","author_info":{"display_name":"Admin","author_link":"https:\/\/www.messinaoggi.it\/website\/author\/admin\/"},"digistream_id":0,"digistream":false,"_links":{"self":[{"href":"https:\/\/www.messinaoggi.it\/website\/wp-json\/wp\/v2\/posts\/125273"}],"collection":[{"href":"https:\/\/www.messinaoggi.it\/website\/wp-json\/wp\/v2\/posts"}],"about":[{"href":"https:\/\/www.messinaoggi.it\/website\/wp-json\/wp\/v2\/types\/post"}],"author":[{"embeddable":true,"href":"https:\/\/www.messinaoggi.it\/website\/wp-json\/wp\/v2\/users\/18"}],"replies":[{"embeddable":true,"href":"https:\/\/www.messinaoggi.it\/website\/wp-json\/wp\/v2\/comments?post=125273"}],"version-history":[{"count":0,"href":"https:\/\/www.messinaoggi.it\/website\/wp-json\/wp\/v2\/posts\/125273\/revisions"}],"wp:featuredmedia":[{"embeddable":true,"href":"https:\/\/www.messinaoggi.it\/website\/wp-json\/wp\/v2\/media\/125274"}],"wp:attachment":[{"href":"https:\/\/www.messinaoggi.it\/website\/wp-json\/wp\/v2\/media?parent=125273"}],"wp:term":[{"taxonomy":"category","embeddable":true,"href":"https:\/\/www.messinaoggi.it\/website\/wp-json\/wp\/v2\/categories?post=125273"},{"taxonomy":"post_tag","embeddable":true,"href":"https:\/\/www.messinaoggi.it\/website\/wp-json\/wp\/v2\/tags?post=125273"}],"curies":[{"name":"wp","href":"https:\/\/api.w.org\/{rel}","templated":true}]}}