{"id":125244,"date":"2022-10-11T17:07:54","date_gmt":"2022-10-11T15:07:54","guid":{"rendered":"https:\/\/www.messinaoggi.it\/website\/2022\/10\/11\/salute-mentale-il-viaggio-del-cavallo-persano-fa-tappa-a-roma\/"},"modified":"2022-10-11T17:07:54","modified_gmt":"2022-10-11T15:07:54","slug":"salute-mentale-il-viaggio-del-cavallo-persano-fa-tappa-a-roma","status":"publish","type":"post","link":"https:\/\/www.messinaoggi.it\/website\/2022\/10\/11\/salute-mentale-il-viaggio-del-cavallo-persano-fa-tappa-a-roma\/","title":{"rendered":"Salute mentale, il viaggio del cavallo Persano fa tappa a Roma"},"content":{"rendered":"<div>ROMA (ITALPRESS) &#8211; Tappa romana per il cavallo Esso e il suo Cavaliere Sam Auld, ospiti della Capitale per una serie di incontri finalizzati a promuovere la tutela della salute mentale e la prevenzione dei disturbi psichiatrici, nell&#8217;ambito del progetto dal titolo &#8220;Il Viaggio del Persano per la salute mentale&#8221; promosso e sostenuto dalla Fondazione Terzo Pilastro &#8211; Internazionale. Partito il 2 ottobre dal Real Sito di Carditello, a Caserta, il viaggio del cavallo della Razza Governativa di Persano del Principe Alduino di Ventimiglia &#8211; facendo varie tappe presso i servizi per il disagio psichico e le comunit\u00e0 di tutta Italia &#8211; raggiunger\u00e0 la statua di Marco Cavallo a Trieste, simbolo di quella legge 180 del 13 maggio 1978 (Legge Basaglia) che aboliva i manicomi in Italia per sensibilizzare l&#8217;opinione pubblica sul tema della salute mentale e per aumentare il coinvolgimento della societ\u00e0 civile.<br \/>Una vera e propria impresa: 2 mesi di viaggio in solitaria; 1180 km e 50 tappe in Italia, ospiti ogni sera dalle varie comunit\u00e0 terapeutiche riabilitative e socio educative, chiamando a testimoniare direttamente le persone che soffrono di queste fragilit\u00e0.<br \/>L&#8217;obiettivo del progetto &#8211; voluto dalla madrina dell&#8217;iniziativa, la principessa Philippa Torlonia, realizzato dall&#8217;associazione no profit Ecos, in collaborazione con Fondazione Real Sito di Carditello e Rai per la Sostenibilit\u00e0, con il contributo della Fondazione Terzo Pilastro &#8211; Internazionale, presieduta dal professor Emmanuele F. M. Emanuele &#8211; \u00e8 riscoprire l&#8217;attualit\u00e0 del pensiero basagliano e attuarlo in tutti i territori, strutturando appieno quel complesso di attivit\u00e0 di supporto sociali, complementari al trattamento farmacologico e psichiatrico.<br \/>In ogni tappa del viaggio, la cittadinanza attiva e le istituzioni potranno accogliere il cavallo e prendere il proprio impegno per offrire supporto alle persone che soffrono di queste fragilit\u00e0.<br \/>&#8220;Un viaggio di passione, combinato all&#8217;aiuto che questo cavallo e in generale l&#8217;ippoterapia possono dare alle persone che soffrono di malattie mentali &#8211; ha detto la principessa Philippa Torlonia nel corso di una conferenza stampa al Polo Club di Roma -. L&#8217;obiettivo \u00e8 quello di portare un p\u00f2 di gioia a questi malati, che hanno non poco bisogno del nostro aiuto&#8221;.<br \/>&#8220;Quando la principessa mi venne a parlare di questo progetto lo accettai con entusiasmo, perch\u00e8 la mia teoria legata all&#8217;attivit\u00e0 salvifica dell&#8217;equitazione trov\u00f2 un&#8217;ulteriore conferma, benefica, per la salute mentale &#8211; ha sottolineato il professor Emanuele, presidente della Fondazione Terzo Pilastro Internazionale -. Questo progetto, con il viaggio di Esso e del suo cavaliere da Caserta fino a Trieste, \u00e8 una testimonianza vivissima che si accoppia ad un altro mio desiderio, che \u00e8 quello di far vedere a diversi paesi e grandi citt\u00e0 quanto sia ricco il bagaglio culturale legato ai cavalli e all&#8217;ippoterapia, che portano con s\u00e8 benefici sanitari inimmaginabili&#8221;.<br \/>Il viaggio di Esso e Sam verso Trieste riprender\u00e0 con direzione la citta di Vignanello (Viterbo). E&#8217; possibile seguire quotidianamente il viaggio di Esso e Sam ed effettuare una donazione &#8211; diventando &#8220;Amico del Persano&#8221; con menzione speciale &#8211; sul sito www.ilviaggiodelpersano.it  <div id=\"div-gpt-ad-Messinaoggi.it-DSK-300x250-corpoart\" style=\"text-align:center;margin:0 auto;\"><\/div><\/p>\n<p>&#8211; foto ufficio stampa Fondazione Terzo Pilastro &#8211;<br \/>(ITALPRESS).<\/div>\n<div id=\"videoincontent\" style=\"clear:both\";><\/div>","protected":false},"excerpt":{"rendered":"<p>ROMA (ITALPRESS) &#8211; Tappa romana per il cavallo Esso e il suo Cavaliere Sam Auld, ospiti della Capitale per una serie di incontri finalizzati a promuovere la tutela della salute mentale e la prevenzione dei disturbi psichiatrici, nell&#8217;ambito del progetto dal titolo &#8220;Il Viaggio del Persano per la salute mentale&#8221; promosso e sostenuto dalla Fondazione [&hellip;]<\/p>\n","protected":false},"author":18,"featured_media":125245,"comment_status":"closed","ping_status":"closed","sticky":false,"template":"","format":"standard","meta":{"ub_ctt_via":"","_mi_skip_tracking":false},"categories":[446],"tags":[783],"featured_image_src":"https:\/\/www.messinaoggi.it\/website\/wp-content\/uploads\/2022\/10\/20221011_1390.jpg","author_info":{"display_name":"Admin","author_link":"https:\/\/www.messinaoggi.it\/website\/author\/admin\/"},"digistream_id":0,"digistream":false,"_links":{"self":[{"href":"https:\/\/www.messinaoggi.it\/website\/wp-json\/wp\/v2\/posts\/125244"}],"collection":[{"href":"https:\/\/www.messinaoggi.it\/website\/wp-json\/wp\/v2\/posts"}],"about":[{"href":"https:\/\/www.messinaoggi.it\/website\/wp-json\/wp\/v2\/types\/post"}],"author":[{"embeddable":true,"href":"https:\/\/www.messinaoggi.it\/website\/wp-json\/wp\/v2\/users\/18"}],"replies":[{"embeddable":true,"href":"https:\/\/www.messinaoggi.it\/website\/wp-json\/wp\/v2\/comments?post=125244"}],"version-history":[{"count":0,"href":"https:\/\/www.messinaoggi.it\/website\/wp-json\/wp\/v2\/posts\/125244\/revisions"}],"wp:featuredmedia":[{"embeddable":true,"href":"https:\/\/www.messinaoggi.it\/website\/wp-json\/wp\/v2\/media\/125245"}],"wp:attachment":[{"href":"https:\/\/www.messinaoggi.it\/website\/wp-json\/wp\/v2\/media?parent=125244"}],"wp:term":[{"taxonomy":"category","embeddable":true,"href":"https:\/\/www.messinaoggi.it\/website\/wp-json\/wp\/v2\/categories?post=125244"},{"taxonomy":"post_tag","embeddable":true,"href":"https:\/\/www.messinaoggi.it\/website\/wp-json\/wp\/v2\/tags?post=125244"}],"curies":[{"name":"wp","href":"https:\/\/api.w.org\/{rel}","templated":true}]}}