{"id":125179,"date":"2022-10-11T09:07:52","date_gmt":"2022-10-11T07:07:52","guid":{"rendered":"https:\/\/www.messinaoggi.it\/website\/2022\/10\/11\/calenda-meta-pd-e-gia-con-i-cinque-stelle\/"},"modified":"2022-10-11T09:55:43","modified_gmt":"2022-10-11T07:55:43","slug":"calenda-meta-pd-e-gia-con-i-cinque-stelle","status":"publish","type":"post","link":"https:\/\/www.messinaoggi.it\/website\/2022\/10\/11\/calenda-meta-pd-e-gia-con-i-cinque-stelle\/","title":{"rendered":"Calenda \u201cMet\u00e0 Pd \u00e8 gi\u00e0 con i Cinque Stelle\u201d"},"content":{"rendered":"<div>ROMA (ITALPRESS) &#8211; Quella del Pd per un patto tra le forze di opposizione &#8220;\u00e8 una proposta falsa. Tanto per dirne una, noi abbiamo presentato una proposta molto chiara sul tetto nazionale alle bollette, l&#8217;ho mandata a Letta, gli ho detto &#8220;lavoriamoci insieme&#8221; e nessuno lo ha mai pi\u00f9 sentito. Quindi sono sempre espedienti retorici che nascondono il nulla. Non sta succedendo niente n\u00e8 su questo fronte n\u00e8 tanto meno su quello delle Regionali&#8221;. Lo dice al Corriere della Sera il segretario di Azione, Carlo Calenda.<br \/>&#8220;Non c&#8217;\u00e8 nessun fronte comune, neanche interno al Pd. Met\u00e0 partito sta gi\u00e0 con Conte e infatti andr\u00e0 alla manifestazione che, di fatto, \u00e8 una manifestazione per la resa dell&#8217;Ucraina, sette deputati su undici hanno votato contro l&#8217;invio di armi&#8230; Ormai il Pd \u00e8 gi\u00e0 diviso in due campi &#8211; prosegue -. Proveranno a tenere tutto insieme attraverso un nuovo segretario che ricomincer\u00e0 a dire &#8220;con Conte ma anche con Calenda&#8221;. E&#8217; una cosa che non sta in piedi. E a proposito di Ucraina, io propongo a tutti i partiti, a cominciare da Pd e +Europa, una grande manifestazione a sostegno&#8221;.<div id=\"div-gpt-ad-Messinaoggi.it-DSK-300x250-corpoart\" style=\"text-align:center;margin:0 auto;\"><\/div><\/p>\n<p>&#8211; foto Agenziafotogramma.it &#8211;<div id=\"videoincontent\" style=\"clear:both\";><\/div><\/p>\n<p>(ITALPRESS).<\/p><\/div>\n","protected":false},"excerpt":{"rendered":"<p>ROMA (ITALPRESS) &#8211; Quella del Pd per un patto tra le forze di opposizione &#8220;\u00e8 una proposta falsa. Tanto per dirne una, noi abbiamo presentato una proposta molto chiara sul tetto nazionale alle bollette, l&#8217;ho mandata a Letta, gli ho detto &#8220;lavoriamoci insieme&#8221; e nessuno lo ha mai pi\u00f9 sentito. Quindi sono sempre espedienti retorici [&hellip;]<\/p>\n","protected":false},"author":18,"featured_media":125180,"comment_status":"closed","ping_status":"closed","sticky":false,"template":"","format":"standard","meta":{"ub_ctt_via":"","_mi_skip_tracking":false},"categories":[446,4],"tags":[783],"featured_image_src":"https:\/\/www.messinaoggi.it\/website\/wp-content\/uploads\/2022\/10\/20221011_0084.jpg","author_info":{"display_name":"Admin","author_link":"https:\/\/www.messinaoggi.it\/website\/author\/admin\/"},"digistream_id":0,"digistream":false,"_links":{"self":[{"href":"https:\/\/www.messinaoggi.it\/website\/wp-json\/wp\/v2\/posts\/125179"}],"collection":[{"href":"https:\/\/www.messinaoggi.it\/website\/wp-json\/wp\/v2\/posts"}],"about":[{"href":"https:\/\/www.messinaoggi.it\/website\/wp-json\/wp\/v2\/types\/post"}],"author":[{"embeddable":true,"href":"https:\/\/www.messinaoggi.it\/website\/wp-json\/wp\/v2\/users\/18"}],"replies":[{"embeddable":true,"href":"https:\/\/www.messinaoggi.it\/website\/wp-json\/wp\/v2\/comments?post=125179"}],"version-history":[{"count":1,"href":"https:\/\/www.messinaoggi.it\/website\/wp-json\/wp\/v2\/posts\/125179\/revisions"}],"predecessor-version":[{"id":125181,"href":"https:\/\/www.messinaoggi.it\/website\/wp-json\/wp\/v2\/posts\/125179\/revisions\/125181"}],"wp:featuredmedia":[{"embeddable":true,"href":"https:\/\/www.messinaoggi.it\/website\/wp-json\/wp\/v2\/media\/125180"}],"wp:attachment":[{"href":"https:\/\/www.messinaoggi.it\/website\/wp-json\/wp\/v2\/media?parent=125179"}],"wp:term":[{"taxonomy":"category","embeddable":true,"href":"https:\/\/www.messinaoggi.it\/website\/wp-json\/wp\/v2\/categories?post=125179"},{"taxonomy":"post_tag","embeddable":true,"href":"https:\/\/www.messinaoggi.it\/website\/wp-json\/wp\/v2\/tags?post=125179"}],"curies":[{"name":"wp","href":"https:\/\/api.w.org\/{rel}","templated":true}]}}