{"id":125177,"date":"2022-10-11T09:07:50","date_gmt":"2022-10-11T07:07:50","guid":{"rendered":"https:\/\/www.messinaoggi.it\/website\/2022\/10\/11\/nel-cuore-di-odessa-un-saggio-sulla-citta-crocevia-tra-est-e-ovest\/"},"modified":"2022-10-11T09:07:50","modified_gmt":"2022-10-11T07:07:50","slug":"nel-cuore-di-odessa-un-saggio-sulla-citta-crocevia-tra-est-e-ovest","status":"publish","type":"post","link":"https:\/\/www.messinaoggi.it\/website\/2022\/10\/11\/nel-cuore-di-odessa-un-saggio-sulla-citta-crocevia-tra-est-e-ovest\/","title":{"rendered":"\u201cNel cuore di Odessa\u201d, un saggio sulla citt\u00e0 crocevia tra Est e Ovest"},"content":{"rendered":"<div>MILANO (ITALPRESS) &#8211; &#8220;Ci sono citt\u00e0 che, pur non essendo sedi del potere politico, riescono a offuscare con la loro vitalit\u00e0 culturale ed economica le stesse capitali nazionali&#8221;. Odessa \u00e8 una di queste. Dalla sua fondazione, alla fine del Settecento, \u00e8 stata un punto d&#8217;incontro e fusione di etnie, fedi religiose, costumi e avanguardie politiche, artistiche e culturali. Da l\u00ec passano gli scambi con l&#8217;Europa, la Russia e tutta l&#8217;Asia, il presente e il futuro della relazione tra Est e Ovest. Il suo porto, il pi\u00f9 importante dell&#8217;Impero russo e oggi dell&#8217;Ucraina, \u00e8 l&#8217;obiettivo di Putin, come lo \u00e8 stato durante la Prima e la Seconda guerra mondiale. Chi lo controlla, controlla il Mar Nero e le sue preziose esportazioni di grano. Ugo Poletti, che a Odessa vive e lavora, con il saggio &#8220;Nel cuore di Odessa&#8221;, edito da Rizzoli, racconta cosa sta accadendo non solo sul campo di battaglia ma nella testa e nel cuore della gente: illustra le motivazioni del conflitto; spiega cos&#8217;\u00e8 e come nasce il nazionalismo ucraino e ripercorre la storia di un Paese, giovane e antico allo stesso tempo, che fino allo scoppio di questa guerra era ancora in bilico tra un passato oppressivo ma rassicurante e un futuro incerto, e all&#8217;indomani dell&#8217;attacco si \u00e8 risvegliato unito contro l&#8217;invasore.<br \/>La &#8220;Praga sul mare&#8221;, per storia e tradizioni, \u00e8 diversa dal resto del Paese. E&#8217; la citt\u00e0 dell&#8217;amore e dello humour, dei ladri e degli scrittori satirici, dei sindaci francesi e greci. Cosmopolita ed ebraica, \u00e8 la pi\u00f9 liberale e anticonformista delle citt\u00e0 ucraine. Spensieratamente russofona, ma orgogliosamente resistente all&#8217;invasione russa. E&#8217; lo scenario di un film che ha fatto la storia del cinema, La corazzata Pot\u00e8mkin, e di una delle grandi opere della letteratura russa del Novecento, i Racconti di Odessa di Isaac Babel. Pochi per\u00f2 nel nostro Paese conoscono il fascino della citt\u00e0 che a fine Ottocento riusc\u00ec nel miracolo di unire una crescita vorticosa con una grazia particolare e indimenticabile. Ed \u00e8 un paradosso: Odessa sembra un pezzo d&#8217;Italia sul Mar Nero, fondata da un nobile napoletano e arricchita dall&#8217;ingegno e dalla laboriosit\u00e0 di architetti e imprenditori italiani, grandi protagonisti della citt\u00e0 fino alla rivoluzione bolscevica.<br \/>Odessa oggi \u00e8 il cuore della guerra tra Russia e Ucraina, il simbolo di una crisi che affonda le sue radici in secoli di spargimenti di sangue, dominazione straniera e divisioni interne.<div id=\"div-gpt-ad-Messinaoggi.it-DSK-300x250-corpoart\" style=\"text-align:center;margin:0 auto;\"><\/div><\/p>\n<p>&#8211; foto ufficio stampa Rizzoli &#8211;<div id=\"videoincontent\" style=\"clear:both\";><\/div><\/p>\n<p>(ITALPRESS).<\/p><\/div>\n","protected":false},"excerpt":{"rendered":"<p>MILANO (ITALPRESS) &#8211; &#8220;Ci sono citt\u00e0 che, pur non essendo sedi del potere politico, riescono a offuscare con la loro vitalit\u00e0 culturale ed economica le stesse capitali nazionali&#8221;. Odessa \u00e8 una di queste. Dalla sua fondazione, alla fine del Settecento, \u00e8 stata un punto d&#8217;incontro e fusione di etnie, fedi religiose, costumi e avanguardie politiche, [&hellip;]<\/p>\n","protected":false},"author":18,"featured_media":125178,"comment_status":"closed","ping_status":"closed","sticky":false,"template":"","format":"standard","meta":{"ub_ctt_via":"","_mi_skip_tracking":false},"categories":[446],"tags":[783],"featured_image_src":"https:\/\/www.messinaoggi.it\/website\/wp-content\/uploads\/2022\/10\/20221011_0078.jpg","author_info":{"display_name":"Admin","author_link":"https:\/\/www.messinaoggi.it\/website\/author\/admin\/"},"digistream_id":0,"digistream":false,"_links":{"self":[{"href":"https:\/\/www.messinaoggi.it\/website\/wp-json\/wp\/v2\/posts\/125177"}],"collection":[{"href":"https:\/\/www.messinaoggi.it\/website\/wp-json\/wp\/v2\/posts"}],"about":[{"href":"https:\/\/www.messinaoggi.it\/website\/wp-json\/wp\/v2\/types\/post"}],"author":[{"embeddable":true,"href":"https:\/\/www.messinaoggi.it\/website\/wp-json\/wp\/v2\/users\/18"}],"replies":[{"embeddable":true,"href":"https:\/\/www.messinaoggi.it\/website\/wp-json\/wp\/v2\/comments?post=125177"}],"version-history":[{"count":0,"href":"https:\/\/www.messinaoggi.it\/website\/wp-json\/wp\/v2\/posts\/125177\/revisions"}],"wp:featuredmedia":[{"embeddable":true,"href":"https:\/\/www.messinaoggi.it\/website\/wp-json\/wp\/v2\/media\/125178"}],"wp:attachment":[{"href":"https:\/\/www.messinaoggi.it\/website\/wp-json\/wp\/v2\/media?parent=125177"}],"wp:term":[{"taxonomy":"category","embeddable":true,"href":"https:\/\/www.messinaoggi.it\/website\/wp-json\/wp\/v2\/categories?post=125177"},{"taxonomy":"post_tag","embeddable":true,"href":"https:\/\/www.messinaoggi.it\/website\/wp-json\/wp\/v2\/tags?post=125177"}],"curies":[{"name":"wp","href":"https:\/\/api.w.org\/{rel}","templated":true}]}}